{"id":4860,"date":"2019-07-28T12:09:32","date_gmt":"2019-07-28T10:09:32","guid":{"rendered":"http:\/\/lesmaconsdelacreuse.fr\/annuaire\/?p=4860"},"modified":"2020-01-20T11:30:14","modified_gmt":"2020-01-20T10:30:14","slug":"s_35","status":"publish","type":"post","link":"https:\/\/www.lesmaconsdelacreuse.fr\/annuaires\/lettre-s\/s_35\/","title":{"rendered":"SALMET Th\u00e9ophile Jules (1865-apr\u00e8s 1911)"},"content":{"rendered":"<p class=\"last-updated\"><strong>Mis \u00e0 jour le :<\/strong> 01\/05\/2026<\/p><h2 style=\"text-align: center;\"><strong>T<\/strong><strong>h\u00e9ophile Jules SALMET<\/strong><\/h2>\n<p style=\"text-align: center;\"><strong>Jules SALMET<\/strong><\/p>\n<p style=\"text-align: center;\"><strong>1865 \u2013 apr\u00e8s 1911<\/strong><\/p>\n<h4 style=\"text-align: center;\"><span style=\"color: #008000;\"><strong>ma\u00e7on<\/strong><\/span><\/h4>\n<p style=\"text-align: center;\">n\u00e9 au bourg de Morterolles<\/p>\n<p style=\"text-align: center;\">le 28 septembre 1865<\/p>\n<p style=\"text-align: center;\">fils de<\/p>\n<p style=\"text-align: center;\">L\u00e9onard SALMET, <span style=\"color: #008000;\"><strong>ma\u00e7on \/ <\/strong><\/span>Jeanne PAROT<\/p>\n<p style=\"text-align: center;\">propri\u00e9taires cultivateurs<\/p>\n<p style=\"text-align: center;\"><span style=\"color: #ffffff;\">\u25d9<\/span><\/p>\n<p><strong>En 1886<\/strong><em>, lors du conseil de r\u00e9vision, Jules est vers\u00e9 dans les services auxiliaires \u00e0 cause de la perte d\u2019une phalange \u00e0 l\u2019index droit.<\/em><\/p>\n<p><strong>En 1885 et 1886<\/strong><em>, il travaille \u00e0 <\/em><span style=\"color: #0000ff;\"><strong>Paris (75)<\/strong><\/span><em> et loge chez Val\u00e9ry LARDY, 40, avenue de Saint-Ouen, passage du lavoir, dans le 18e arrondissement. <\/em><\/p>\n<p><strong>En 1886<\/strong><em>, il doit encore pour pension et logement des ces deux ann\u00e9es 183 F 30 C.<\/em><\/p>\n<p><strong>En 1888<\/strong><em>, il est condamn\u00e9 par le tribunal correctionnel de la <\/em><strong><span style=\"color: #0000ff;\">Seine<\/span> <\/strong><em>\u00e0 8 jours de prison et aux d\u00e9pens pour violences \u00e0 agents.<\/em><\/p>\n","protected":false},"excerpt":{"rendered":"<p>Mis \u00e0 jour le : 01\/05\/2026Th\u00e9ophile Jules SALMET Jules SALMET 1865 \u2013 apr\u00e8s 1911 ma\u00e7on n\u00e9 au bourg de Morterolles le 28 septembre 1865 fils de L\u00e9onard SALMET, ma\u00e7on \/ Jeanne PAROT propri\u00e9taires cultivateurs \u25d9 En 1886, lors du conseil de r\u00e9vision, Jules est vers\u00e9 dans les services auxiliaires \u00e0 cause de la perte d\u2019une ..<\/p>\n<div class=\"clear-fix\"><\/div>\n<p><a href=\"https:\/\/www.lesmaconsdelacreuse.fr\/annuaires\/lettre-s\/s_35\/\" title=\"Lire la suite...\">Lire la suite<\/a><\/p>\n","protected":false},"author":2,"featured_media":0,"comment_status":"closed","ping_status":"closed","sticky":false,"template":"","format":"standard","meta":{"_acf_changed":false,"_exactmetrics_skip_tracking":false,"_exactmetrics_sitenote_active":false,"_exactmetrics_sitenote_note":"","_exactmetrics_sitenote_category":0,"footnotes":""},"categories":[12],"tags":[],"class_list":["post-4860","post","type-post","status-publish","format-standard","hentry","category-lettre-s"],"acf":[],"_links":{"self":[{"href":"https:\/\/www.lesmaconsdelacreuse.fr\/annuaires\/wp-json\/wp\/v2\/posts\/4860","targetHints":{"allow":["GET"]}}],"collection":[{"href":"https:\/\/www.lesmaconsdelacreuse.fr\/annuaires\/wp-json\/wp\/v2\/posts"}],"about":[{"href":"https:\/\/www.lesmaconsdelacreuse.fr\/annuaires\/wp-json\/wp\/v2\/types\/post"}],"author":[{"embeddable":true,"href":"https:\/\/www.lesmaconsdelacreuse.fr\/annuaires\/wp-json\/wp\/v2\/users\/2"}],"replies":[{"embeddable":true,"href":"https:\/\/www.lesmaconsdelacreuse.fr\/annuaires\/wp-json\/wp\/v2\/comments?post=4860"}],"version-history":[{"count":0,"href":"https:\/\/www.lesmaconsdelacreuse.fr\/annuaires\/wp-json\/wp\/v2\/posts\/4860\/revisions"}],"wp:attachment":[{"href":"https:\/\/www.lesmaconsdelacreuse.fr\/annuaires\/wp-json\/wp\/v2\/media?parent=4860"}],"wp:term":[{"taxonomy":"category","embeddable":true,"href":"https:\/\/www.lesmaconsdelacreuse.fr\/annuaires\/wp-json\/wp\/v2\/categories?post=4860"},{"taxonomy":"post_tag","embeddable":true,"href":"https:\/\/www.lesmaconsdelacreuse.fr\/annuaires\/wp-json\/wp\/v2\/tags?post=4860"}],"curies":[{"name":"wp","href":"https:\/\/api.w.org\/{rel}","templated":true}]}}