{"id":4865,"date":"2019-07-28T12:09:31","date_gmt":"2019-07-28T10:09:31","guid":{"rendered":"http:\/\/lesmaconsdelacreuse.fr\/annuaire\/?p=4865"},"modified":"2020-01-20T11:30:14","modified_gmt":"2020-01-20T10:30:14","slug":"s_49","status":"publish","type":"post","link":"https:\/\/www.lesmaconsdelacreuse.fr\/annuaires\/lettre-s\/s_49\/","title":{"rendered":"SAMY Pierre (1882-1917)"},"content":{"rendered":"<p class=\"last-updated\"><strong>Mis \u00e0 jour le :<\/strong> 01\/05\/2026<\/p><h2 style=\"text-align: center;\"><strong>Pierre SAMY<\/strong><\/h2>\n<p style=\"text-align: center;\"><strong>1882 \u2013 1917<\/strong><\/p>\n<p style=\"text-align: center;\"><img decoding=\"async\" title=\"\" src=\"https:\/\/lesmaconsdelacreuse.fr\/annuaire\/wp-content\/uploads\/2019\/07\/image1-1099.jpg\" alt=\"\" data-asset-id=\"4864\" data-source-id=\"i.0\" \/><\/p>\n<h4 style=\"text-align: center;\"><span style=\"color: #008000;\"><strong>ma\u00e7on<\/strong><\/span><\/h4>\n<p style=\"text-align: center;\">n\u00e9 \u00e0 Masgrangeas (Roy\u00e8re)<\/p>\n<p style=\"text-align: center;\">le 11 ao\u00fbt 1882<\/p>\n<p style=\"text-align: center;\">fils de<\/p>\n<p style=\"text-align: center;\">Jean SAMY \/ Marie COUDRIER<\/p>\n<p style=\"text-align: center;\">cultivateurs<\/p>\n<p style=\"text-align: center;\"><span style=\"color: #ffffff;\">\u25d9<\/span><\/p>\n<p><em>A sa lib\u00e9ration du service militaire, Pierre habite <\/em><span style=\"color: #0000ff;\"><strong>Saint-Gervais (63)<\/strong><\/span><em> .<\/em><\/p>\n<p><strong>En 1906<\/strong>, <em>Pierre habite Vern\u00e8de, commune de <\/em><strong><span style=\"color: #0000ff;\">Goutti\u00e8res (63)<\/span>\u00a0<\/strong><em>;<\/em><\/p>\n<p><em> Il \u00e9pouse Louise <\/em><strong>LESCURE <\/strong><em>le 9 f\u00e9vrier <\/em><strong>1907<\/strong><em> \u00e0 Saint-Pardoux-Lavaud (mari\u00e9s sans contrat). <\/em><\/p>\n<p><strong>En\u00a0 1908<\/strong><em>, il est toujours \u00e0 Vern\u00e8de; <\/em><\/p>\n<p><strong>en 1909<\/strong><em>, <\/em><span style=\"color: #0000ff;\"><strong>Lapeyrouse (63)<\/strong><\/span><em>.<\/em><\/p>\n<p><em> Il est tu\u00e9 le 16 juin <\/em><strong>1917<\/strong><em> \u00e0 Souain (51), \u00e2g\u00e9 de 34 ans. <\/em><\/p>\n<p><em>Louise d\u00e9c\u00e8de \u00e0 Limoges le 8 septembre <\/em>1966<em>, \u00e2g\u00e9e de 84 ans.<\/em><\/p>\n","protected":false},"excerpt":{"rendered":"<p>Mis \u00e0 jour le : 01\/05\/2026Pierre SAMY 1882 \u2013 1917 ma\u00e7on n\u00e9 \u00e0 Masgrangeas (Roy\u00e8re) le 11 ao\u00fbt 1882 fils de Jean SAMY \/ Marie COUDRIER cultivateurs \u25d9 A sa lib\u00e9ration du service militaire, Pierre habite Saint-Gervais (63) . En 1906, Pierre habite Vern\u00e8de, commune de Goutti\u00e8res (63)\u00a0; Il \u00e9pouse Louise LESCURE le 9 f\u00e9vrier ..<\/p>\n<div class=\"clear-fix\"><\/div>\n<p><a href=\"https:\/\/www.lesmaconsdelacreuse.fr\/annuaires\/lettre-s\/s_49\/\" title=\"Lire la suite...\">Lire la suite<\/a><\/p>\n","protected":false},"author":2,"featured_media":0,"comment_status":"closed","ping_status":"closed","sticky":false,"template":"","format":"standard","meta":{"_acf_changed":false,"_exactmetrics_skip_tracking":false,"_exactmetrics_sitenote_active":false,"_exactmetrics_sitenote_note":"","_exactmetrics_sitenote_category":0,"footnotes":""},"categories":[12],"tags":[],"class_list":["post-4865","post","type-post","status-publish","format-standard","hentry","category-lettre-s"],"acf":[],"_links":{"self":[{"href":"https:\/\/www.lesmaconsdelacreuse.fr\/annuaires\/wp-json\/wp\/v2\/posts\/4865","targetHints":{"allow":["GET"]}}],"collection":[{"href":"https:\/\/www.lesmaconsdelacreuse.fr\/annuaires\/wp-json\/wp\/v2\/posts"}],"about":[{"href":"https:\/\/www.lesmaconsdelacreuse.fr\/annuaires\/wp-json\/wp\/v2\/types\/post"}],"author":[{"embeddable":true,"href":"https:\/\/www.lesmaconsdelacreuse.fr\/annuaires\/wp-json\/wp\/v2\/users\/2"}],"replies":[{"embeddable":true,"href":"https:\/\/www.lesmaconsdelacreuse.fr\/annuaires\/wp-json\/wp\/v2\/comments?post=4865"}],"version-history":[{"count":0,"href":"https:\/\/www.lesmaconsdelacreuse.fr\/annuaires\/wp-json\/wp\/v2\/posts\/4865\/revisions"}],"wp:attachment":[{"href":"https:\/\/www.lesmaconsdelacreuse.fr\/annuaires\/wp-json\/wp\/v2\/media?parent=4865"}],"wp:term":[{"taxonomy":"category","embeddable":true,"href":"https:\/\/www.lesmaconsdelacreuse.fr\/annuaires\/wp-json\/wp\/v2\/categories?post=4865"},{"taxonomy":"post_tag","embeddable":true,"href":"https:\/\/www.lesmaconsdelacreuse.fr\/annuaires\/wp-json\/wp\/v2\/tags?post=4865"}],"curies":[{"name":"wp","href":"https:\/\/api.w.org\/{rel}","templated":true}]}}