{"id":4872,"date":"2019-07-28T12:09:30","date_gmt":"2019-07-28T10:09:30","guid":{"rendered":"http:\/\/lesmaconsdelacreuse.fr\/annuaire\/?p=4872"},"modified":"2020-01-20T11:30:14","modified_gmt":"2020-01-20T10:30:14","slug":"s_46","status":"publish","type":"post","link":"https:\/\/www.lesmaconsdelacreuse.fr\/annuaires\/lettre-s\/s_46\/","title":{"rendered":"SAMY L\u00e9onard (1853-1914)"},"content":{"rendered":"<p class=\"last-updated\"><strong>Mis \u00e0 jour le :<\/strong> 01\/05\/2026<\/p><h2 style=\"text-align: center;\"><strong>L\u00e9onard SAMY<\/strong><\/h2>\n<p style=\"text-align: center;\"><strong>1853 \u2013 1914<\/strong><\/p>\n<p style=\"text-align: center;\"><img loading=\"lazy\" decoding=\"async\" class=\"\" title=\"\" src=\"https:\/\/lesmaconsdelacreuse.fr\/annuaire\/wp-content\/uploads\/2019\/07\/image1-1102.jpg\" alt=\"\" width=\"204\" height=\"109\" data-asset-id=\"4870\" data-source-id=\"i.0\" \/><\/p>\n<h4 style=\"text-align: center;\"><span style=\"color: #008000;\"><strong>ma\u00e7on<\/strong> et <strong>menuisier; <\/strong><strong>cultivateur<\/strong><\/span><\/h4>\n<p style=\"text-align: center;\">n\u00e9 \u00e0 Vauveix (Roy\u00e8re)<\/p>\n<p style=\"text-align: center;\">le 6 juin 1853<\/p>\n<p style=\"text-align: center;\">fils de<\/p>\n<p style=\"text-align: center;\">Louis SAMY \/ Marie RIBI\u00c8RE<\/p>\n<p style=\"text-align: center;\">propri\u00e9taires cultivateurs<\/p>\n<p style=\"text-align: center;\"><span style=\"color: #ffffff;\">\u25d9<\/span><\/p>\n<p><strong>En 1874<\/strong><em>, L\u00e9onard est dispens\u00e9 de service actif, et vers\u00e9 dans les services auxiliaires pour d\u00e9faut de taille (1m50).<\/em><\/p>\n<p><em>Il r\u00e9side un temps \u00e0 <\/em><span style=\"color: #0000ff;\"><strong>Lyon (69)<\/strong><\/span><em>, 87, rue Dunoir,<\/em><\/p>\n<p><em>puis \u00e0 <\/em><span style=\"color: #0000ff;\"><strong>Clermont (63)<\/strong><\/span><em>, rue des Seigneurs.<\/em><\/p>\n<p><em> Il \u00e9pouse Marie <\/em><strong>URBAIN<\/strong><em> le 6 mars <\/em><strong>1879<\/strong><em> \u00e0 Peyrat-le-Ch\u00e2teau (87 \u2013 contrat Tramonteil).<\/em><\/p>\n<p><em> Ils vivent \u00e0 Vauveix o\u00f9 d\u00e9c\u00e8de Marie le 18 mai <\/em><strong>1904<\/strong> <em>(selon l\u2019acte de mariage de son fils Fran\u00e7ois Eug\u00e8ne), \u00e2g\u00e9e d\u2019environ 44 ans.<\/em><\/p>\n<p><em>L\u00e9onard \u00e9pouse Marie <\/em><strong>DENIS<\/strong><em> le 19 avril <\/em><strong>1906<\/strong><em> \u00e0 Roy\u00e8re (mari\u00e9s sans contrat).<\/em><\/p>\n<p><em> Ils vivent \u00e9galement \u00e0 Vauveix o\u00f9 d\u00e9c\u00e8de L\u00e9onard le 16 juin <\/em><strong>1914<\/strong><em>, \u00e2g\u00e9 de 61 ans. <\/em><\/p>\n","protected":false},"excerpt":{"rendered":"<p>Mis \u00e0 jour le : 01\/05\/2026L\u00e9onard SAMY 1853 \u2013 1914 ma\u00e7on et menuisier; cultivateur n\u00e9 \u00e0 Vauveix (Roy\u00e8re) le 6 juin 1853 fils de Louis SAMY \/ Marie RIBI\u00c8RE propri\u00e9taires cultivateurs \u25d9 En 1874, L\u00e9onard est dispens\u00e9 de service actif, et vers\u00e9 dans les services auxiliaires pour d\u00e9faut de taille (1m50). Il r\u00e9side un temps ..<\/p>\n<div class=\"clear-fix\"><\/div>\n<p><a href=\"https:\/\/www.lesmaconsdelacreuse.fr\/annuaires\/lettre-s\/s_46\/\" title=\"Lire la suite...\">Lire la suite<\/a><\/p>\n","protected":false},"author":2,"featured_media":0,"comment_status":"closed","ping_status":"closed","sticky":false,"template":"","format":"standard","meta":{"_acf_changed":false,"_exactmetrics_skip_tracking":false,"_exactmetrics_sitenote_active":false,"_exactmetrics_sitenote_note":"","_exactmetrics_sitenote_category":0,"footnotes":""},"categories":[12],"tags":[],"class_list":["post-4872","post","type-post","status-publish","format-standard","hentry","category-lettre-s"],"acf":[],"_links":{"self":[{"href":"https:\/\/www.lesmaconsdelacreuse.fr\/annuaires\/wp-json\/wp\/v2\/posts\/4872","targetHints":{"allow":["GET"]}}],"collection":[{"href":"https:\/\/www.lesmaconsdelacreuse.fr\/annuaires\/wp-json\/wp\/v2\/posts"}],"about":[{"href":"https:\/\/www.lesmaconsdelacreuse.fr\/annuaires\/wp-json\/wp\/v2\/types\/post"}],"author":[{"embeddable":true,"href":"https:\/\/www.lesmaconsdelacreuse.fr\/annuaires\/wp-json\/wp\/v2\/users\/2"}],"replies":[{"embeddable":true,"href":"https:\/\/www.lesmaconsdelacreuse.fr\/annuaires\/wp-json\/wp\/v2\/comments?post=4872"}],"version-history":[{"count":0,"href":"https:\/\/www.lesmaconsdelacreuse.fr\/annuaires\/wp-json\/wp\/v2\/posts\/4872\/revisions"}],"wp:attachment":[{"href":"https:\/\/www.lesmaconsdelacreuse.fr\/annuaires\/wp-json\/wp\/v2\/media?parent=4872"}],"wp:term":[{"taxonomy":"category","embeddable":true,"href":"https:\/\/www.lesmaconsdelacreuse.fr\/annuaires\/wp-json\/wp\/v2\/categories?post=4872"},{"taxonomy":"post_tag","embeddable":true,"href":"https:\/\/www.lesmaconsdelacreuse.fr\/annuaires\/wp-json\/wp\/v2\/tags?post=4872"}],"curies":[{"name":"wp","href":"https:\/\/api.w.org\/{rel}","templated":true}]}}