{"id":4882,"date":"2019-07-28T12:09:28","date_gmt":"2019-07-28T10:09:28","guid":{"rendered":"http:\/\/lesmaconsdelacreuse.fr\/annuaire\/?p=4882"},"modified":"2020-01-20T11:30:14","modified_gmt":"2020-01-20T10:30:14","slug":"s_25","status":"publish","type":"post","link":"https:\/\/www.lesmaconsdelacreuse.fr\/annuaires\/lettre-s\/s_25\/","title":{"rendered":"SALMET L\u00e9onard (1832-1913)"},"content":{"rendered":"<p class=\"last-updated\"><strong>Mis \u00e0 jour le :<\/strong> 01\/05\/2026<\/p><h2 style=\"text-align: center;\"><strong>L\u00e9onard SALMET<\/strong><\/h2>\n<p style=\"text-align: center;\"><strong>1832 \u2013 1913<\/strong><\/p>\n<p style=\"text-align: center;\"><img loading=\"lazy\" decoding=\"async\" class=\"\" title=\"\" src=\"https:\/\/lesmaconsdelacreuse.fr\/annuaire\/wp-content\/uploads\/2019\/07\/image1-1105.jpg\" alt=\"\" width=\"433\" height=\"95\" data-asset-id=\"4881\" data-source-id=\"i.0\" \/><\/p>\n<h4 style=\"text-align: center;\"><span style=\"color: #008000;\"><strong>ma\u00e7on <\/strong>et <strong>propri\u00e9taire cultivateur<\/strong><\/span><\/h4>\n<p style=\"text-align: center;\">n\u00e9 au bourg de Morterolles<\/p>\n<p style=\"text-align: center;\">le 19 novembre 1832<\/p>\n<p style=\"text-align: center;\">fils de<\/p>\n<p style=\"text-align: center;\">L\u00e9onard SALMET, <span style=\"color: #008000;\"><strong>ma\u00e7on \/ <\/strong><\/span>Marie CHAMPEYMOND<\/p>\n<p style=\"text-align: center;\">propri\u00e9taires cultivateurs<\/p>\n<p style=\"text-align: center;\"><span style=\"color: #ffffff;\">\u25d9<\/span><\/p>\n<p><em>L\u00e9onard \u00e9pouse Jeanne <\/em><strong>PAROT<\/strong><em> le 1er mars <\/em><strong>1859<\/strong> <em>\u00e0 Morterolles (contrat Berger \u00e0 Bourganeuf). Ils vivent au bourg de Morterolles. <\/em><\/p>\n<p><strong>En 1861 et 1865<\/strong><em>, L\u00e9onard travaille dans le d\u00e9partement du <\/em><span style=\"color: #0000ff;\"><strong>Rh\u00f4ne<\/strong><\/span><em>;<\/em><\/p>\n<p><strong>en 1868<\/strong><em>, il est \u00e0 <\/em><span style=\"color: #0000ff;\"><strong>Lyon (69)<\/strong><em>. <\/em><\/span><\/p>\n<p><em>Les \u00e9poux d\u00e9c\u00e8dent\u00a0:<\/em><\/p>\n<p><em>\u2022\u00a0 Jeanne, au bourg de Morterolles, le 9 juillet <\/em><strong>1908<\/strong><em>, \u00e2g\u00e9e de 73 ans<\/em><\/p>\n<p><em>\u2022\u00a0 L\u00e9onard, au bourg de Saint-Pierre-le-Bost, le 26 novembre <\/em><strong>1913<\/strong><em>, \u00e2g\u00e9 de 81 ans<\/em><\/p>\n","protected":false},"excerpt":{"rendered":"<p>Mis \u00e0 jour le : 01\/05\/2026L\u00e9onard SALMET 1832 \u2013 1913 ma\u00e7on et propri\u00e9taire cultivateur n\u00e9 au bourg de Morterolles le 19 novembre 1832 fils de L\u00e9onard SALMET, ma\u00e7on \/ Marie CHAMPEYMOND propri\u00e9taires cultivateurs \u25d9 L\u00e9onard \u00e9pouse Jeanne PAROT le 1er mars 1859 \u00e0 Morterolles (contrat Berger \u00e0 Bourganeuf). Ils vivent au bourg de Morterolles. En ..<\/p>\n<div class=\"clear-fix\"><\/div>\n<p><a href=\"https:\/\/www.lesmaconsdelacreuse.fr\/annuaires\/lettre-s\/s_25\/\" title=\"Lire la suite...\">Lire la suite<\/a><\/p>\n","protected":false},"author":2,"featured_media":0,"comment_status":"closed","ping_status":"closed","sticky":false,"template":"","format":"standard","meta":{"_acf_changed":false,"_exactmetrics_skip_tracking":false,"_exactmetrics_sitenote_active":false,"_exactmetrics_sitenote_note":"","_exactmetrics_sitenote_category":0,"footnotes":""},"categories":[12],"tags":[],"class_list":["post-4882","post","type-post","status-publish","format-standard","hentry","category-lettre-s"],"acf":[],"_links":{"self":[{"href":"https:\/\/www.lesmaconsdelacreuse.fr\/annuaires\/wp-json\/wp\/v2\/posts\/4882","targetHints":{"allow":["GET"]}}],"collection":[{"href":"https:\/\/www.lesmaconsdelacreuse.fr\/annuaires\/wp-json\/wp\/v2\/posts"}],"about":[{"href":"https:\/\/www.lesmaconsdelacreuse.fr\/annuaires\/wp-json\/wp\/v2\/types\/post"}],"author":[{"embeddable":true,"href":"https:\/\/www.lesmaconsdelacreuse.fr\/annuaires\/wp-json\/wp\/v2\/users\/2"}],"replies":[{"embeddable":true,"href":"https:\/\/www.lesmaconsdelacreuse.fr\/annuaires\/wp-json\/wp\/v2\/comments?post=4882"}],"version-history":[{"count":0,"href":"https:\/\/www.lesmaconsdelacreuse.fr\/annuaires\/wp-json\/wp\/v2\/posts\/4882\/revisions"}],"wp:attachment":[{"href":"https:\/\/www.lesmaconsdelacreuse.fr\/annuaires\/wp-json\/wp\/v2\/media?parent=4882"}],"wp:term":[{"taxonomy":"category","embeddable":true,"href":"https:\/\/www.lesmaconsdelacreuse.fr\/annuaires\/wp-json\/wp\/v2\/categories?post=4882"},{"taxonomy":"post_tag","embeddable":true,"href":"https:\/\/www.lesmaconsdelacreuse.fr\/annuaires\/wp-json\/wp\/v2\/tags?post=4882"}],"curies":[{"name":"wp","href":"https:\/\/api.w.org\/{rel}","templated":true}]}}