{"id":4887,"date":"2019-07-28T12:09:27","date_gmt":"2019-07-28T10:09:27","guid":{"rendered":"http:\/\/lesmaconsdelacreuse.fr\/annuaire\/?p=4887"},"modified":"2022-04-30T17:43:52","modified_gmt":"2022-04-30T15:43:52","slug":"s_37","status":"publish","type":"post","link":"https:\/\/www.lesmaconsdelacreuse.fr\/annuaires\/lettre-s\/s_37\/","title":{"rendered":"SALVANET Jean (1841-1902)"},"content":{"rendered":"<p class=\"last-updated\"><strong>Mis \u00e0 jour le :<\/strong> 01\/05\/2026<\/p><h2 style=\"text-align: center;\"><strong>Jean SALVANET<\/strong><\/h2>\n<p style=\"text-align: center;\"><strong>1841 \u2013 1902<\/strong><\/p>\n<p style=\"text-align: center;\"><img decoding=\"async\" title=\"\" src=\"https:\/\/lesmaconsdelacreuse.fr\/annuaire\/wp-content\/uploads\/2019\/07\/image1-1107.jpg\" alt=\"\" data-asset-id=\"4885\" data-source-id=\"i.0\" \/><\/p>\n<h4 style=\"text-align: center;\"><span style=\"color: #008000;\"><strong>ma\u00e7on<\/strong><\/span><\/h4>\n<p style=\"text-align: center;\">n\u00e9 au bourg de Saint-Moreil<\/p>\n<p style=\"text-align: center;\">le 22 mai 1841<\/p>\n<p style=\"text-align: center;\">fils de<\/p>\n<p style=\"text-align: center;\">Jacques SALVANET \/ Marie CARPE<\/p>\n<p style=\"text-align: center;\">propri\u00e9taires cultivateurs<\/p>\n<p style=\"text-align: center;\"><span style=\"color: #ffffff;\">\u25d9<\/span><\/p>\n<p><strong>En 1885<\/strong><em>, Jean travaille \u00e0 <\/em><span style=\"color: #0000ff;\"><strong>Lyon (69)<\/strong><\/span><em> et loge rue Roposte.<\/em><\/p>\n<p><em>Il \u00e9pouse le 12 d\u00e9cembre de la m\u00eame ann\u00e9e \u00e0 Lyon 3e \u00c9lisabeth <\/em><strong>BRUXELLE<\/strong><em>, veuve native du Jura (contrat Mathieu \u00e0 Villeurbanne). <\/em><\/p>\n<p><strong>En 1886<\/strong><em><strong>,<\/strong> les \u00e9poux habitent au 8 de la m\u00eame rue. Ils y sont recens\u00e9s <\/em><strong>en 1891<\/strong><em>.<\/em><\/p>\n<p><em>Jean d\u00e9c\u00e8de, man\u0153uvre, le 14 octobre <\/em><strong>1902<\/strong><em> \u00e0 \u25ba<a href=\"https:\/\/www.lesmaconsdelacreuse.fr\/annuaires\/\/wp-content\/uploads\/PHOTOS_-_CARTES_POSTALES\/LYON_-_Hopital_de_lHotel-Dieu.jpg\" target=\"_blank\" rel=\"noopener\">l\u2019H\u00f4tel-Dieu<\/a> de Lyon, \u00e2g\u00e9 de 61 ans, habitant \u00e0 la m\u00eame adresse.<\/em><\/p>\n","protected":false},"excerpt":{"rendered":"<p>Mis \u00e0 jour le : 01\/05\/2026Jean SALVANET 1841 \u2013 1902 ma\u00e7on n\u00e9 au bourg de Saint-Moreil le 22 mai 1841 fils de Jacques SALVANET \/ Marie CARPE propri\u00e9taires cultivateurs \u25d9 En 1885, Jean travaille \u00e0 Lyon (69) et loge rue Roposte. Il \u00e9pouse le 12 d\u00e9cembre de la m\u00eame ann\u00e9e \u00e0 Lyon 3e \u00c9lisabeth BRUXELLE, ..<\/p>\n<div class=\"clear-fix\"><\/div>\n<p><a href=\"https:\/\/www.lesmaconsdelacreuse.fr\/annuaires\/lettre-s\/s_37\/\" title=\"Lire la suite...\">Lire la suite<\/a><\/p>\n","protected":false},"author":2,"featured_media":0,"comment_status":"closed","ping_status":"closed","sticky":false,"template":"","format":"standard","meta":{"_acf_changed":false,"_exactmetrics_skip_tracking":false,"_exactmetrics_sitenote_active":false,"_exactmetrics_sitenote_note":"","_exactmetrics_sitenote_category":0,"footnotes":""},"categories":[12],"tags":[],"class_list":["post-4887","post","type-post","status-publish","format-standard","hentry","category-lettre-s"],"acf":[],"_links":{"self":[{"href":"https:\/\/www.lesmaconsdelacreuse.fr\/annuaires\/wp-json\/wp\/v2\/posts\/4887","targetHints":{"allow":["GET"]}}],"collection":[{"href":"https:\/\/www.lesmaconsdelacreuse.fr\/annuaires\/wp-json\/wp\/v2\/posts"}],"about":[{"href":"https:\/\/www.lesmaconsdelacreuse.fr\/annuaires\/wp-json\/wp\/v2\/types\/post"}],"author":[{"embeddable":true,"href":"https:\/\/www.lesmaconsdelacreuse.fr\/annuaires\/wp-json\/wp\/v2\/users\/2"}],"replies":[{"embeddable":true,"href":"https:\/\/www.lesmaconsdelacreuse.fr\/annuaires\/wp-json\/wp\/v2\/comments?post=4887"}],"version-history":[{"count":1,"href":"https:\/\/www.lesmaconsdelacreuse.fr\/annuaires\/wp-json\/wp\/v2\/posts\/4887\/revisions"}],"predecessor-version":[{"id":198511,"href":"https:\/\/www.lesmaconsdelacreuse.fr\/annuaires\/wp-json\/wp\/v2\/posts\/4887\/revisions\/198511"}],"wp:attachment":[{"href":"https:\/\/www.lesmaconsdelacreuse.fr\/annuaires\/wp-json\/wp\/v2\/media?parent=4887"}],"wp:term":[{"taxonomy":"category","embeddable":true,"href":"https:\/\/www.lesmaconsdelacreuse.fr\/annuaires\/wp-json\/wp\/v2\/categories?post=4887"},{"taxonomy":"post_tag","embeddable":true,"href":"https:\/\/www.lesmaconsdelacreuse.fr\/annuaires\/wp-json\/wp\/v2\/tags?post=4887"}],"curies":[{"name":"wp","href":"https:\/\/api.w.org\/{rel}","templated":true}]}}