{"id":4892,"date":"2019-07-28T12:09:26","date_gmt":"2019-07-28T10:09:26","guid":{"rendered":"http:\/\/lesmaconsdelacreuse.fr\/annuaire\/?p=4892"},"modified":"2020-01-20T11:30:15","modified_gmt":"2020-01-20T10:30:15","slug":"s_12","status":"publish","type":"post","link":"https:\/\/www.lesmaconsdelacreuse.fr\/annuaires\/lettre-s\/s_12\/","title":{"rendered":"SALMET Auguste (1890-1965)"},"content":{"rendered":"<p class=\"last-updated\"><strong>Mis \u00e0 jour le :<\/strong> 01\/05\/2026<\/p><h2 style=\"text-align: center;\"><strong>Auguste SALMET<\/strong><\/h2>\n<p style=\"text-align: center;\"><strong>1890 \u2013 1965<\/strong><\/p>\n<p style=\"text-align: center;\"><img loading=\"lazy\" decoding=\"async\" class=\"\" title=\"\" src=\"https:\/\/lesmaconsdelacreuse.fr\/annuaire\/wp-content\/uploads\/2019\/07\/image1-1109.jpg\" alt=\"\" width=\"245\" height=\"70\" data-asset-id=\"4891\" data-source-id=\"i.0\" \/><\/p>\n<h4 style=\"text-align: center;\"><span style=\"color: #008000;\"><strong>ma\u00e7on <\/strong>puis <strong>limonadier<\/strong>,<strong> marchand de vin<\/strong>;<strong>cultivateur<\/strong><\/span><\/h4>\n<p style=\"text-align: center;\">n\u00e9 \u00e0 Villemaine (Saint-Pardoux-Lavaud)<\/p>\n<p style=\"text-align: center;\">le 8 avril 1890<\/p>\n<p style=\"text-align: center;\">fils de<\/p>\n<p style=\"text-align: center;\">Charles SALMET \/ Henriette SIMONET<\/p>\n<p style=\"text-align: center;\">propri\u00e9taires cultivateurs<\/p>\n<p style=\"text-align: center;\"><span style=\"color: #ffffff;\">\u25d9<\/span><\/p>\n<p><em>Auguste, <\/em><span style=\"color: #008000;\"><strong>ma\u00e7on<\/strong><\/span><em>, \u00e9pouse Anne <\/em><strong>SALMET<\/strong><em> le 5 f\u00e9vrier <\/em><strong>1914<\/strong><em> \u00e0 Saint-Pardoux (mari\u00e9s sans contrat). <\/em><\/p>\n<p><strong>En avril 1914<\/strong><em>, il habite <\/em><span style=\"color: #0000ff;\"><strong>Paris (75)<\/strong><\/span><em> , 2, rue Richaud, 18e arrondissement. <\/em><\/p>\n<p><em>Revenu de la guerre, il est de nouveau \u00e0 Paris\u00a0: <\/em><\/p>\n<p><strong>en 1920<\/strong><em>, 82, avenue de Clichy\u00a0;<\/em><\/p>\n<p><strong>en 1921<\/strong><em>, 2, rue Richomme, dans le 18e\u00a0;<\/em><\/p>\n<p><strong>en 1929<\/strong><em>, 230, rue du faubourg Saint-Denis. <\/em><\/p>\n<p><strong>En 1939<\/strong><em>,<\/em><strong><span style=\"color: #008000;\"> marchand de vin<\/span>,<\/strong><em> il fait un s\u00e9jour \u00e0 Saint-Pardoux.<\/em><\/p>\n<p><strong>En 1940<\/strong><em>, il est de nouveau \u00e0 Paris, \u00e0 l\u2019adresse de 1929, puis revient \u00e0 Saint-Pardoux. <\/em><\/p>\n<p><em>Les \u00e9poux d\u00e9c\u00e8dent \u00e0 Saint-Pardoux\u00a0:<\/em><\/p>\n<ul>\n<li><em>Auguste, le 30 janvier <\/em><strong>1965<\/strong><em>, \u00e2g\u00e9 de 74 ans<\/em><\/li>\n<li><em>Anne, le 23 novembre <\/em><strong>1966<\/strong><em>, \u00e2g\u00e9e de 72 ans<\/em><\/li>\n<\/ul>\n","protected":false},"excerpt":{"rendered":"<p>Mis \u00e0 jour le : 01\/05\/2026Auguste SALMET 1890 \u2013 1965 ma\u00e7on puis limonadier, marchand de vin;cultivateur n\u00e9 \u00e0 Villemaine (Saint-Pardoux-Lavaud) le 8 avril 1890 fils de Charles SALMET \/ Henriette SIMONET propri\u00e9taires cultivateurs \u25d9 Auguste, ma\u00e7on, \u00e9pouse Anne SALMET le 5 f\u00e9vrier 1914 \u00e0 Saint-Pardoux (mari\u00e9s sans contrat). En avril 1914, il habite Paris (75) ..<\/p>\n<div class=\"clear-fix\"><\/div>\n<p><a href=\"https:\/\/www.lesmaconsdelacreuse.fr\/annuaires\/lettre-s\/s_12\/\" title=\"Lire la suite...\">Lire la suite<\/a><\/p>\n","protected":false},"author":2,"featured_media":0,"comment_status":"closed","ping_status":"closed","sticky":false,"template":"","format":"standard","meta":{"_acf_changed":false,"_exactmetrics_skip_tracking":false,"_exactmetrics_sitenote_active":false,"_exactmetrics_sitenote_note":"","_exactmetrics_sitenote_category":0,"footnotes":""},"categories":[12],"tags":[],"class_list":["post-4892","post","type-post","status-publish","format-standard","hentry","category-lettre-s"],"acf":[],"_links":{"self":[{"href":"https:\/\/www.lesmaconsdelacreuse.fr\/annuaires\/wp-json\/wp\/v2\/posts\/4892","targetHints":{"allow":["GET"]}}],"collection":[{"href":"https:\/\/www.lesmaconsdelacreuse.fr\/annuaires\/wp-json\/wp\/v2\/posts"}],"about":[{"href":"https:\/\/www.lesmaconsdelacreuse.fr\/annuaires\/wp-json\/wp\/v2\/types\/post"}],"author":[{"embeddable":true,"href":"https:\/\/www.lesmaconsdelacreuse.fr\/annuaires\/wp-json\/wp\/v2\/users\/2"}],"replies":[{"embeddable":true,"href":"https:\/\/www.lesmaconsdelacreuse.fr\/annuaires\/wp-json\/wp\/v2\/comments?post=4892"}],"version-history":[{"count":0,"href":"https:\/\/www.lesmaconsdelacreuse.fr\/annuaires\/wp-json\/wp\/v2\/posts\/4892\/revisions"}],"wp:attachment":[{"href":"https:\/\/www.lesmaconsdelacreuse.fr\/annuaires\/wp-json\/wp\/v2\/media?parent=4892"}],"wp:term":[{"taxonomy":"category","embeddable":true,"href":"https:\/\/www.lesmaconsdelacreuse.fr\/annuaires\/wp-json\/wp\/v2\/categories?post=4892"},{"taxonomy":"post_tag","embeddable":true,"href":"https:\/\/www.lesmaconsdelacreuse.fr\/annuaires\/wp-json\/wp\/v2\/tags?post=4892"}],"curies":[{"name":"wp","href":"https:\/\/api.w.org\/{rel}","templated":true}]}}