{"id":4895,"date":"2019-07-28T12:09:25","date_gmt":"2019-07-28T10:09:25","guid":{"rendered":"http:\/\/lesmaconsdelacreuse.fr\/annuaire\/?p=4895"},"modified":"2020-01-20T11:30:15","modified_gmt":"2020-01-20T10:30:15","slug":"s_4","status":"publish","type":"post","link":"https:\/\/www.lesmaconsdelacreuse.fr\/annuaires\/lettre-s\/s_4\/","title":{"rendered":"SABAILLAT L\u00e9onard (1891-1977)"},"content":{"rendered":"<p class=\"last-updated\"><strong>Mis \u00e0 jour le :<\/strong> 01\/05\/2026<\/p><h2 style=\"text-align: center;\"><strong>L\u00e9onard SABAILLAT<\/strong><\/h2>\n<p style=\"text-align: center;\"><strong>1891 \u2013 1977<\/strong><\/p>\n<h4 style=\"text-align: center;\"><span style=\"color: #008000;\"><strong>ma\u00e7on<\/strong><\/span><\/h4>\n<p style=\"text-align: center;\">n\u00e9 \u00e0 Truffy (Saint-Junien-la-Breg\u00e8re)<\/p>\n<p style=\"text-align: center;\">le 3 avril 1891<\/p>\n<p style=\"text-align: center;\">fils de<\/p>\n<p style=\"text-align: center;\">Fran\u00e7ois SABAILLAT \/ Marguerite MARITAUD<\/p>\n<p style=\"text-align: center;\">cultivateurs<\/p>\n<p style=\"text-align: center;\"><span style=\"color: #ffffff;\">\u25d9<\/span><\/p>\n<p><strong>En 1912<\/strong><em>, L\u00e9onard travaille dans la <\/em><span style=\"color: #0000ff;\"><strong>Seine <\/strong><\/span><em>et y passe le conseil de r\u00e9vision.<\/em><\/p>\n<p><strong>En 1921<\/strong><em>, il habite <\/em><span style=\"color: #0000ff;\"><strong>Montb\u00e9liard (25)<\/strong><\/span><em>, rue de la Citadelle\u00a0;<\/em><\/p>\n<p><strong>en 1923 et 1927<\/strong><em>, <\/em><span style=\"color: #0000ff;\"><strong>Paris (75)<\/strong><\/span><em>, 7, boulevard du Palais, 4e arrondissement.<\/em><\/p>\n<p><em> Il d\u00e9c\u00e8de \u00e0 Cr\u00e9teil (94) le 6 avril <\/em><strong>1977<\/strong><em>, \u00e2g\u00e9 de 86 ans.<\/em><\/p>\n","protected":false},"excerpt":{"rendered":"<p>Mis \u00e0 jour le : 01\/05\/2026L\u00e9onard SABAILLAT 1891 \u2013 1977 ma\u00e7on n\u00e9 \u00e0 Truffy (Saint-Junien-la-Breg\u00e8re) le 3 avril 1891 fils de Fran\u00e7ois SABAILLAT \/ Marguerite MARITAUD cultivateurs \u25d9 En 1912, L\u00e9onard travaille dans la Seine et y passe le conseil de r\u00e9vision. En 1921, il habite Montb\u00e9liard (25), rue de la Citadelle\u00a0; en 1923 et ..<\/p>\n<div class=\"clear-fix\"><\/div>\n<p><a href=\"https:\/\/www.lesmaconsdelacreuse.fr\/annuaires\/lettre-s\/s_4\/\" title=\"Lire la suite...\">Lire la suite<\/a><\/p>\n","protected":false},"author":2,"featured_media":0,"comment_status":"closed","ping_status":"closed","sticky":false,"template":"","format":"standard","meta":{"_acf_changed":false,"_exactmetrics_skip_tracking":false,"_exactmetrics_sitenote_active":false,"_exactmetrics_sitenote_note":"","_exactmetrics_sitenote_category":0,"footnotes":""},"categories":[12],"tags":[],"class_list":["post-4895","post","type-post","status-publish","format-standard","hentry","category-lettre-s"],"acf":[],"_links":{"self":[{"href":"https:\/\/www.lesmaconsdelacreuse.fr\/annuaires\/wp-json\/wp\/v2\/posts\/4895","targetHints":{"allow":["GET"]}}],"collection":[{"href":"https:\/\/www.lesmaconsdelacreuse.fr\/annuaires\/wp-json\/wp\/v2\/posts"}],"about":[{"href":"https:\/\/www.lesmaconsdelacreuse.fr\/annuaires\/wp-json\/wp\/v2\/types\/post"}],"author":[{"embeddable":true,"href":"https:\/\/www.lesmaconsdelacreuse.fr\/annuaires\/wp-json\/wp\/v2\/users\/2"}],"replies":[{"embeddable":true,"href":"https:\/\/www.lesmaconsdelacreuse.fr\/annuaires\/wp-json\/wp\/v2\/comments?post=4895"}],"version-history":[{"count":0,"href":"https:\/\/www.lesmaconsdelacreuse.fr\/annuaires\/wp-json\/wp\/v2\/posts\/4895\/revisions"}],"wp:attachment":[{"href":"https:\/\/www.lesmaconsdelacreuse.fr\/annuaires\/wp-json\/wp\/v2\/media?parent=4895"}],"wp:term":[{"taxonomy":"category","embeddable":true,"href":"https:\/\/www.lesmaconsdelacreuse.fr\/annuaires\/wp-json\/wp\/v2\/categories?post=4895"},{"taxonomy":"post_tag","embeddable":true,"href":"https:\/\/www.lesmaconsdelacreuse.fr\/annuaires\/wp-json\/wp\/v2\/tags?post=4895"}],"curies":[{"name":"wp","href":"https:\/\/api.w.org\/{rel}","templated":true}]}}