{"id":4905,"date":"2019-07-28T12:09:23","date_gmt":"2019-07-28T10:09:23","guid":{"rendered":"http:\/\/lesmaconsdelacreuse.fr\/annuaire\/?p=4905"},"modified":"2020-10-14T10:47:06","modified_gmt":"2020-10-14T08:47:06","slug":"s_7","status":"publish","type":"post","link":"https:\/\/www.lesmaconsdelacreuse.fr\/annuaires\/lettre-s\/s_7\/","title":{"rendered":"SAINT-ANNE Jean (d\u00e9c\u00e9d\u00e9 avant 1795)"},"content":{"rendered":"<p class=\"last-updated\"><strong>Mis \u00e0 jour le :<\/strong> 01\/05\/2026<\/p><h2 style=\"text-align: center;\"><strong>Jean SAINT-ANNE<\/strong><\/h2>\n<p style=\"text-align: center;\"><strong>d\u00e9c\u00e9d\u00e9 avant 1795<\/strong><\/p>\n<p style=\"text-align: center;\"><img decoding=\"async\" title=\"\" src=\"https:\/\/lesmaconsdelacreuse.fr\/annuaire\/wp-content\/uploads\/2019\/07\/image1-1112.jpg\" alt=\"\" data-asset-id=\"4904\" data-source-id=\"i.0\" \/><\/p>\n<h4 style=\"text-align: center;\"><span style=\"color: #008000;\"><strong>\u25ba\u00a0<a href=\"https:\/\/www.lesmaconsdelacreuse.fr\/annuaires\/wp-content\/uploads\/2020\/07\/MA\u00ceTRE-MA\u00c7ON.png\" target=\"_blank\" rel=\"noopener noreferrer\"><span style=\"color: #008000;\">ma\u00eetre ma\u00e7on<\/span><\/a> <\/strong>et<strong> laboureur<\/strong><\/span><\/h4>\n<p>&nbsp;<\/p>\n<p style=\"text-align: center;\">fils de<\/p>\n<p style=\"text-align: center;\">L\u00e9onard SAINT-ANNE \/ Catherine MARTIN<\/p>\n<p style=\"text-align: center;\">laboureurs<\/p>\n<p style=\"text-align: center;\"><span style=\"color: #ffffff;\">\u25d9<\/span><\/p>\n<p><em>Jean, <\/em><span style=\"color: #008000;\"><strong>ma\u00e7on<\/strong><\/span><em>, \u00e9pouse Anne <\/em><strong>ADAM<\/strong><em> qui d\u00e9c\u00e8de \u00e0 Chez-Gorce (Gentioux) le 26 ao\u00fbt <\/em><strong>1718<\/strong><em>, \u00e2g\u00e9e de 50 ans environ. <\/em><\/p>\n<p><strong>En 1733<\/strong><em>, Jean se remarie<\/em> <em>avec Marie <\/em><strong>REDONDEAU<\/strong><em> (contrat Mian \u00e0 Peyrat-le-Ch\u00e2teau \u2013 87).<\/em><\/p>\n<p><em> Ils habitent Brudieux o\u00f9 d\u00e9c\u00e8de Marie le 16 f\u00e9vrier <\/em><strong>1750<\/strong><em>, \u00e2g\u00e9e de 30 ans environ. <\/em><\/p>\n<p><em>Jean \u00e9pouse Anne <\/em><strong>BOUTEILLE<\/strong><em> le 18 janvier <\/em><strong>1751<\/strong><em> \u00e0 Saint-Martin. Ils habitent La Vergne, m\u00eame paroisse. <\/em><\/p>\n<p><strong>En 1754<\/strong><em>, Jean est <\/em><span style=\"color: #008000;\"><strong>ma\u00eetre ma\u00e7on<\/strong><\/span><em>.<\/em><\/p>\n<p><em>Anne d\u00e9c\u00e8de \u00e0 Lagathe, paroisse de Saint-Martin, le 26 d\u00e9cembre <\/em><strong>1762<\/strong><em>, \u00e2g\u00e9e de 35 ans environ.<\/em><\/p>\n<p><em>Jean \u00e9pouse en 4e noces Anne <\/em><strong>PITANCE<\/strong><em> le 21 f\u00e9vrier <\/em><strong>1764<\/strong><em> \u00e0 Saint-Martin. <\/em><\/p>\n<p><em>Anne d\u00e9c\u00e8de veuve au Massoubrot le 22 thermidor an III (9 ao\u00fbt <\/em><strong>1795<\/strong><em>), \u00e2g\u00e9e de 80 environ. <\/em><\/p>\n<p>&nbsp;<\/p>\n","protected":false},"excerpt":{"rendered":"<p>Mis \u00e0 jour le : 01\/05\/2026Jean SAINT-ANNE d\u00e9c\u00e9d\u00e9 avant 1795 \u25ba\u00a0ma\u00eetre ma\u00e7on et laboureur &nbsp; fils de L\u00e9onard SAINT-ANNE \/ Catherine MARTIN laboureurs \u25d9 Jean, ma\u00e7on, \u00e9pouse Anne ADAM qui d\u00e9c\u00e8de \u00e0 Chez-Gorce (Gentioux) le 26 ao\u00fbt 1718, \u00e2g\u00e9e de 50 ans environ. En 1733, Jean se remarie avec Marie REDONDEAU (contrat Mian \u00e0 Peyrat-le-Ch\u00e2teau ..<\/p>\n<div class=\"clear-fix\"><\/div>\n<p><a href=\"https:\/\/www.lesmaconsdelacreuse.fr\/annuaires\/lettre-s\/s_7\/\" title=\"Lire la suite...\">Lire la suite<\/a><\/p>\n","protected":false},"author":2,"featured_media":0,"comment_status":"closed","ping_status":"closed","sticky":false,"template":"","format":"standard","meta":{"_acf_changed":false,"_exactmetrics_skip_tracking":false,"_exactmetrics_sitenote_active":false,"_exactmetrics_sitenote_note":"","_exactmetrics_sitenote_category":0,"footnotes":""},"categories":[12],"tags":[],"class_list":["post-4905","post","type-post","status-publish","format-standard","hentry","category-lettre-s"],"acf":[],"_links":{"self":[{"href":"https:\/\/www.lesmaconsdelacreuse.fr\/annuaires\/wp-json\/wp\/v2\/posts\/4905","targetHints":{"allow":["GET"]}}],"collection":[{"href":"https:\/\/www.lesmaconsdelacreuse.fr\/annuaires\/wp-json\/wp\/v2\/posts"}],"about":[{"href":"https:\/\/www.lesmaconsdelacreuse.fr\/annuaires\/wp-json\/wp\/v2\/types\/post"}],"author":[{"embeddable":true,"href":"https:\/\/www.lesmaconsdelacreuse.fr\/annuaires\/wp-json\/wp\/v2\/users\/2"}],"replies":[{"embeddable":true,"href":"https:\/\/www.lesmaconsdelacreuse.fr\/annuaires\/wp-json\/wp\/v2\/comments?post=4905"}],"version-history":[{"count":0,"href":"https:\/\/www.lesmaconsdelacreuse.fr\/annuaires\/wp-json\/wp\/v2\/posts\/4905\/revisions"}],"wp:attachment":[{"href":"https:\/\/www.lesmaconsdelacreuse.fr\/annuaires\/wp-json\/wp\/v2\/media?parent=4905"}],"wp:term":[{"taxonomy":"category","embeddable":true,"href":"https:\/\/www.lesmaconsdelacreuse.fr\/annuaires\/wp-json\/wp\/v2\/categories?post=4905"},{"taxonomy":"post_tag","embeddable":true,"href":"https:\/\/www.lesmaconsdelacreuse.fr\/annuaires\/wp-json\/wp\/v2\/tags?post=4905"}],"curies":[{"name":"wp","href":"https:\/\/api.w.org\/{rel}","templated":true}]}}