{"id":4919,"date":"2019-07-28T12:09:20","date_gmt":"2019-07-28T10:09:20","guid":{"rendered":"http:\/\/lesmaconsdelacreuse.fr\/annuaire\/?p=4919"},"modified":"2022-03-11T18:46:41","modified_gmt":"2022-03-11T17:46:41","slug":"s_16","status":"publish","type":"post","link":"https:\/\/www.lesmaconsdelacreuse.fr\/annuaires\/lettre-s\/s_16\/","title":{"rendered":"SALMET Fran\u00e7ois Auguste (1865-1912)"},"content":{"rendered":"<p class=\"last-updated\"><strong>Mis \u00e0 jour le :<\/strong> 01\/05\/2026<\/p><h2 style=\"text-align: center;\"><strong>Fran\u00e7ois Auguste SALMET<\/strong><\/h2>\n<p style=\"text-align: center;\"><strong>Auguste SALMET<\/strong><\/p>\n<p style=\"text-align: center;\"><strong>1865 \u2013 1912<\/strong><\/p>\n<p style=\"text-align: center;\"><img decoding=\"async\" title=\"\" src=\"https:\/\/lesmaconsdelacreuse.fr\/annuaire\/wp-content\/uploads\/2019\/07\/image1-59.png\" alt=\"\" data-asset-id=\"4918\" data-source-id=\"i.0\" \/><\/p>\n<h4 style=\"text-align: center;\"><span style=\"color: #008000;\"><strong>ma\u00e7on et h\u00f4telier<\/strong><\/span><\/h4>\n<p>&nbsp;<\/p>\n<p style=\"text-align: center;\">n\u00e9 \u00e0 Saint-Pierre-le-Bost<\/p>\n<p style=\"text-align: center;\">le 14 mars 1865, <em>selon \u25ba<a href=\"https:\/\/www.lesmaconsdelacreuse.fr\/annuaires\/wp-content\/uploads\/2019\/08\/ACTE-DE-NOTORI\u00c9T\u00c9.png\" target=\"_blank\" rel=\"noopener noreferrer\">acte de notori\u00e9t\u00e9<\/a><br \/>\n<\/em><\/p>\n<p style=\"text-align: center;\">fils de<\/p>\n<p style=\"text-align: center;\">Fran\u00e7ois SALMET, tailleur d\u2019habits<\/p>\n<p style=\"text-align: center;\">Anne LASVALADAS, cultivatrice<\/p>\n<p style=\"text-align: center;\"><span style=\"color: #ffffff;\">\u25d9<\/span><\/p>\n<p><strong>En 1887<\/strong><em>, Auguste travaille \u00e0 <\/em><span style=\"color: #0000ff;\"><strong>Paris (75)<\/strong><\/span><em> et loge 13, rue Gracieuse.<\/em><\/p>\n<p><em> Il \u00e9pouse Marie Eug\u00e9nie Antoinette <\/em><strong>GUYOT<\/strong><em> le 27 f\u00e9vrier <\/em><strong>1890<\/strong> <em>\u00e0 Saint-Pierre (mari\u00e9s sans contrat).<\/em><\/p>\n<p><em> Il continue \u00e0 travailler \u00e0 Paris, et loge\u00a0<\/em><em> 55, rue Simon Lefranc; <\/em><\/p>\n<p><strong>en 1891 et 1897<\/strong><em>, 12, rue Pierre-au-Lard; <\/em><\/p>\n<p><strong>en 1898 et 1900<\/strong><em>, 15, rue Sainte-Croix de la Bretonnerie.<\/em><\/p>\n<p><strong>En 1912,<\/strong><em> les \u00e9poux sont <\/em><span style=\"color: #008000;\"><strong>h\u00f4teliers<\/strong><\/span><em> \u00e0 <\/em><span style=\"color: #0000ff;\"><strong>Paris (75)<\/strong><\/span><em>, 5e arrondissement, 7, rue Rollin. Auguste d\u00e9c\u00e8de \u00e0 cette adresse, le 12 juin de la m\u00eame ann\u00e9e, \u00e2g\u00e9 de 47 ans.<\/em><\/p>\n<p>&nbsp;<\/p>\n<p>&nbsp;<\/p>\n","protected":false},"excerpt":{"rendered":"<p>Mis \u00e0 jour le : 01\/05\/2026Fran\u00e7ois Auguste SALMET Auguste SALMET 1865 \u2013 1912 ma\u00e7on et h\u00f4telier &nbsp; n\u00e9 \u00e0 Saint-Pierre-le-Bost le 14 mars 1865, selon \u25baacte de notori\u00e9t\u00e9 fils de Fran\u00e7ois SALMET, tailleur d\u2019habits Anne LASVALADAS, cultivatrice \u25d9 En 1887, Auguste travaille \u00e0 Paris (75) et loge 13, rue Gracieuse. Il \u00e9pouse Marie Eug\u00e9nie Antoinette ..<\/p>\n<div class=\"clear-fix\"><\/div>\n<p><a href=\"https:\/\/www.lesmaconsdelacreuse.fr\/annuaires\/lettre-s\/s_16\/\" title=\"Lire la suite...\">Lire la suite<\/a><\/p>\n","protected":false},"author":2,"featured_media":0,"comment_status":"closed","ping_status":"closed","sticky":false,"template":"","format":"standard","meta":{"_acf_changed":false,"_exactmetrics_skip_tracking":false,"_exactmetrics_sitenote_active":false,"_exactmetrics_sitenote_note":"","_exactmetrics_sitenote_category":0,"footnotes":""},"categories":[12],"tags":[],"class_list":["post-4919","post","type-post","status-publish","format-standard","hentry","category-lettre-s"],"acf":[],"_links":{"self":[{"href":"https:\/\/www.lesmaconsdelacreuse.fr\/annuaires\/wp-json\/wp\/v2\/posts\/4919","targetHints":{"allow":["GET"]}}],"collection":[{"href":"https:\/\/www.lesmaconsdelacreuse.fr\/annuaires\/wp-json\/wp\/v2\/posts"}],"about":[{"href":"https:\/\/www.lesmaconsdelacreuse.fr\/annuaires\/wp-json\/wp\/v2\/types\/post"}],"author":[{"embeddable":true,"href":"https:\/\/www.lesmaconsdelacreuse.fr\/annuaires\/wp-json\/wp\/v2\/users\/2"}],"replies":[{"embeddable":true,"href":"https:\/\/www.lesmaconsdelacreuse.fr\/annuaires\/wp-json\/wp\/v2\/comments?post=4919"}],"version-history":[{"count":3,"href":"https:\/\/www.lesmaconsdelacreuse.fr\/annuaires\/wp-json\/wp\/v2\/posts\/4919\/revisions"}],"predecessor-version":[{"id":195819,"href":"https:\/\/www.lesmaconsdelacreuse.fr\/annuaires\/wp-json\/wp\/v2\/posts\/4919\/revisions\/195819"}],"wp:attachment":[{"href":"https:\/\/www.lesmaconsdelacreuse.fr\/annuaires\/wp-json\/wp\/v2\/media?parent=4919"}],"wp:term":[{"taxonomy":"category","embeddable":true,"href":"https:\/\/www.lesmaconsdelacreuse.fr\/annuaires\/wp-json\/wp\/v2\/categories?post=4919"},{"taxonomy":"post_tag","embeddable":true,"href":"https:\/\/www.lesmaconsdelacreuse.fr\/annuaires\/wp-json\/wp\/v2\/tags?post=4919"}],"curies":[{"name":"wp","href":"https:\/\/api.w.org\/{rel}","templated":true}]}}