{"id":4925,"date":"2019-07-28T12:09:18","date_gmt":"2019-07-28T10:09:18","guid":{"rendered":"http:\/\/lesmaconsdelacreuse.fr\/annuaire\/?p=4925"},"modified":"2020-01-20T11:30:16","modified_gmt":"2020-01-20T10:30:16","slug":"s_14","status":"publish","type":"post","link":"https:\/\/www.lesmaconsdelacreuse.fr\/annuaires\/lettre-s\/s_14\/","title":{"rendered":"SALMET Charles (1866-1938)"},"content":{"rendered":"<p class=\"last-updated\"><strong>Mis \u00e0 jour le :<\/strong> 01\/05\/2026<\/p><h2 style=\"text-align: center;\"><strong>Charles SALMET<\/strong><\/h2>\n<p style=\"text-align: center;\"><strong>1866-1938<\/strong><\/p>\n<p style=\"text-align: center;\"><img loading=\"lazy\" decoding=\"async\" class=\"\" title=\"\" src=\"https:\/\/lesmaconsdelacreuse.fr\/annuaire\/wp-content\/uploads\/2019\/07\/image1-61.png\" alt=\"\" width=\"186\" height=\"62\" data-asset-id=\"4924\" data-source-id=\"i.0\" \/><\/p>\n<h4 style=\"text-align: center;\"><span style=\"color: #008000;\"><strong>ma\u00e7on <\/strong>et <strong>propri\u00e9taire cultivateur<\/strong><\/span><\/h4>\n<p style=\"text-align: center;\">n\u00e9 \u00e0 Lavaupeline (Saint-Pardoux-Lavaud)<\/p>\n<p style=\"text-align: center;\">le 13 octobre 1938<\/p>\n<p style=\"text-align: center;\">fils de<\/p>\n<p style=\"text-align: center;\">Blaise SALMET, <span style=\"color: #008000;\"><strong>ma\u00e7on<\/strong><\/span><\/p>\n<p style=\"text-align: center;\">Jeanne Marie CHARBONNIER, cultivatrice<\/p>\n<p style=\"text-align: center;\"><span style=\"color: #ffffff;\">\u25d9<\/span><\/p>\n<p><em>Charles \u00e9pouse Henriette <\/em><strong>SIMONET<\/strong><em> le 19 f\u00e9vrier <\/em><strong>1889<\/strong>. <em>Ils habitent d\u2019abord Villemaine, commune de Saint-Pardoux.<\/em><\/p>\n<p><em>Ils sont ensuite \u00e0 Planchat, commune de Saint-Pierre-le-Bost, au Picq, commune de Roy\u00e8re, \u00e0 Boussac, commune de Saint-Martin-Ch\u00e2teau, \u00e0 Verdinas, commune de Roy\u00e8re. <\/em><\/p>\n<p><strong>En 1901<\/strong><em>, lors du recensement, ils sont de nouveau au Picq.<\/em><\/p>\n<p><em> Ils d\u00e9c\u00e8dent\u00a0\u00e0 Chez-Brouillard, commune de Saint-Pierre-le-Bost\u00a0: <\/em><\/p>\n<ul>\n<li><em>Charles, le 28 ao\u00fbt<\/em><strong> 1938<\/strong><em>, \u00e2g\u00e9 de 71 ans<\/em><\/li>\n<li><em>Henriette, le 11 d\u00e9cembre <\/em><strong>1946<\/strong><em>, \u00e2g\u00e9e de 78 ans<\/em><\/li>\n<\/ul>\n","protected":false},"excerpt":{"rendered":"<p>Mis \u00e0 jour le : 01\/05\/2026Charles SALMET 1866-1938 ma\u00e7on et propri\u00e9taire cultivateur n\u00e9 \u00e0 Lavaupeline (Saint-Pardoux-Lavaud) le 13 octobre 1938 fils de Blaise SALMET, ma\u00e7on Jeanne Marie CHARBONNIER, cultivatrice \u25d9 Charles \u00e9pouse Henriette SIMONET le 19 f\u00e9vrier 1889. Ils habitent d\u2019abord Villemaine, commune de Saint-Pardoux. Ils sont ensuite \u00e0 Planchat, commune de Saint-Pierre-le-Bost, au Picq, ..<\/p>\n<div class=\"clear-fix\"><\/div>\n<p><a href=\"https:\/\/www.lesmaconsdelacreuse.fr\/annuaires\/lettre-s\/s_14\/\" title=\"Lire la suite...\">Lire la suite<\/a><\/p>\n","protected":false},"author":2,"featured_media":0,"comment_status":"closed","ping_status":"closed","sticky":false,"template":"","format":"standard","meta":{"_acf_changed":false,"_exactmetrics_skip_tracking":false,"_exactmetrics_sitenote_active":false,"_exactmetrics_sitenote_note":"","_exactmetrics_sitenote_category":0,"footnotes":""},"categories":[12],"tags":[],"class_list":["post-4925","post","type-post","status-publish","format-standard","hentry","category-lettre-s"],"acf":[],"_links":{"self":[{"href":"https:\/\/www.lesmaconsdelacreuse.fr\/annuaires\/wp-json\/wp\/v2\/posts\/4925","targetHints":{"allow":["GET"]}}],"collection":[{"href":"https:\/\/www.lesmaconsdelacreuse.fr\/annuaires\/wp-json\/wp\/v2\/posts"}],"about":[{"href":"https:\/\/www.lesmaconsdelacreuse.fr\/annuaires\/wp-json\/wp\/v2\/types\/post"}],"author":[{"embeddable":true,"href":"https:\/\/www.lesmaconsdelacreuse.fr\/annuaires\/wp-json\/wp\/v2\/users\/2"}],"replies":[{"embeddable":true,"href":"https:\/\/www.lesmaconsdelacreuse.fr\/annuaires\/wp-json\/wp\/v2\/comments?post=4925"}],"version-history":[{"count":0,"href":"https:\/\/www.lesmaconsdelacreuse.fr\/annuaires\/wp-json\/wp\/v2\/posts\/4925\/revisions"}],"wp:attachment":[{"href":"https:\/\/www.lesmaconsdelacreuse.fr\/annuaires\/wp-json\/wp\/v2\/media?parent=4925"}],"wp:term":[{"taxonomy":"category","embeddable":true,"href":"https:\/\/www.lesmaconsdelacreuse.fr\/annuaires\/wp-json\/wp\/v2\/categories?post=4925"},{"taxonomy":"post_tag","embeddable":true,"href":"https:\/\/www.lesmaconsdelacreuse.fr\/annuaires\/wp-json\/wp\/v2\/tags?post=4925"}],"curies":[{"name":"wp","href":"https:\/\/api.w.org\/{rel}","templated":true}]}}