{"id":4929,"date":"2019-07-28T12:09:18","date_gmt":"2019-07-28T10:09:18","guid":{"rendered":"http:\/\/lesmaconsdelacreuse.fr\/annuaire\/?p=4929"},"modified":"2022-06-08T17:02:02","modified_gmt":"2022-06-08T15:02:02","slug":"s_5","status":"publish","type":"post","link":"https:\/\/www.lesmaconsdelacreuse.fr\/annuaires\/lettre-s\/s_5\/","title":{"rendered":"SAINT-AMAND L\u00e9onard (1856-apr\u00e8s 1917)"},"content":{"rendered":"<p class=\"last-updated\"><strong>Mis \u00e0 jour le :<\/strong> 01\/05\/2026<\/p><h2 style=\"text-align: center;\"><strong>L\u00e9onard SAINT-AMAND<\/strong><\/h2>\n<p style=\"text-align: center;\"><strong>1856 \u2013 apr\u00e8s 1917<\/strong><\/p>\n<p><a href=\"https:\/\/www.lesmaconsdelacreuse.fr\/annuaires\/wp-content\/uploads\/2020\/07\/ne-sait-pas-signer.jpg\"><img loading=\"lazy\" decoding=\"async\" class=\"size-full wp-image-174596 aligncenter\" src=\"https:\/\/www.lesmaconsdelacreuse.fr\/annuaires\/wp-content\/uploads\/2020\/07\/ne-sait-pas-signer.jpg\" alt=\"\" width=\"156\" height=\"31\" srcset=\"https:\/\/www.lesmaconsdelacreuse.fr\/annuaires\/wp-content\/uploads\/2020\/07\/ne-sait-pas-signer.jpg 156w, https:\/\/www.lesmaconsdelacreuse.fr\/annuaires\/wp-content\/uploads\/2020\/07\/ne-sait-pas-signer-150x30.jpg 150w\" sizes=\"auto, (max-width: 156px) 100vw, 156px\" \/><\/a><\/p>\n<h4 style=\"text-align: center;\"><span style=\"color: #008000;\"><strong>ma\u00e7on<\/strong><\/span><\/h4>\n<p style=\"text-align: center;\">n\u00e9 \u00e0 Barbaroux (Saint-Julien-le-Petit &#8211; 87)<\/p>\n<p style=\"text-align: center;\">le 7 d\u00e9cembre 1856<\/p>\n<p style=\"text-align: center;\">fils de<\/p>\n<p style=\"text-align: center;\">Jean SAINT-AMAND \/ Marie CHARBONNIER<\/p>\n<p style=\"text-align: center;\">cultivateurs<\/p>\n<p style=\"text-align: center;\"><span style=\"color: #ffffff;\">\u25d9<\/span><\/p>\n<p><strong>En 1876<\/strong><em>, L\u00e9onard habite Saint-Moreil avec ses parents.<\/em><\/p>\n<p><em>Il \u00e9pouse H\u00e9l\u00e8ne <\/em><strong>RAPAUD<\/strong><em>, sa belle-s\u0153ur, veuve de Blaise SAINT-AMAND, le 14 f\u00e9vrier <\/em><strong>1882<\/strong><em> \u00e0 Auriat (mari\u00e9s sans contrat).<\/em><\/p>\n<p><strong>\u00a0En 1887<\/strong><em>, ils habitent Barbaroux, commune de Saint-Julien-le-Petit (87)\u00a0;<\/em><\/p>\n<p><strong>\u00a0en 1917<\/strong><em>, ils habitent Les Plan\u00e8zes, commune de Bourganeuf.<\/em><\/p>\n<p><em>\u00a0<\/em><em>H\u00e9l\u00e8ne d\u00e9c\u00e8de aux Jartauds, commune de Faux-Mazuras, le 23 juin <\/em><strong>1908<\/strong><em>.<\/em><\/p>\n","protected":false},"excerpt":{"rendered":"<p>Mis \u00e0 jour le : 01\/05\/2026L\u00e9onard SAINT-AMAND 1856 \u2013 apr\u00e8s 1917 ma\u00e7on n\u00e9 \u00e0 Barbaroux (Saint-Julien-le-Petit &#8211; 87) le 7 d\u00e9cembre 1856 fils de Jean SAINT-AMAND \/ Marie CHARBONNIER cultivateurs \u25d9 En 1876, L\u00e9onard habite Saint-Moreil avec ses parents. Il \u00e9pouse H\u00e9l\u00e8ne RAPAUD, sa belle-s\u0153ur, veuve de Blaise SAINT-AMAND, le 14 f\u00e9vrier 1882 \u00e0 Auriat ..<\/p>\n<div class=\"clear-fix\"><\/div>\n<p><a href=\"https:\/\/www.lesmaconsdelacreuse.fr\/annuaires\/lettre-s\/s_5\/\" title=\"Lire la suite...\">Lire la suite<\/a><\/p>\n","protected":false},"author":2,"featured_media":0,"comment_status":"closed","ping_status":"closed","sticky":false,"template":"","format":"standard","meta":{"_acf_changed":false,"_exactmetrics_skip_tracking":false,"_exactmetrics_sitenote_active":false,"_exactmetrics_sitenote_note":"","_exactmetrics_sitenote_category":0,"footnotes":""},"categories":[12],"tags":[],"class_list":["post-4929","post","type-post","status-publish","format-standard","hentry","category-lettre-s"],"acf":[],"_links":{"self":[{"href":"https:\/\/www.lesmaconsdelacreuse.fr\/annuaires\/wp-json\/wp\/v2\/posts\/4929","targetHints":{"allow":["GET"]}}],"collection":[{"href":"https:\/\/www.lesmaconsdelacreuse.fr\/annuaires\/wp-json\/wp\/v2\/posts"}],"about":[{"href":"https:\/\/www.lesmaconsdelacreuse.fr\/annuaires\/wp-json\/wp\/v2\/types\/post"}],"author":[{"embeddable":true,"href":"https:\/\/www.lesmaconsdelacreuse.fr\/annuaires\/wp-json\/wp\/v2\/users\/2"}],"replies":[{"embeddable":true,"href":"https:\/\/www.lesmaconsdelacreuse.fr\/annuaires\/wp-json\/wp\/v2\/comments?post=4929"}],"version-history":[{"count":3,"href":"https:\/\/www.lesmaconsdelacreuse.fr\/annuaires\/wp-json\/wp\/v2\/posts\/4929\/revisions"}],"predecessor-version":[{"id":200304,"href":"https:\/\/www.lesmaconsdelacreuse.fr\/annuaires\/wp-json\/wp\/v2\/posts\/4929\/revisions\/200304"}],"wp:attachment":[{"href":"https:\/\/www.lesmaconsdelacreuse.fr\/annuaires\/wp-json\/wp\/v2\/media?parent=4929"}],"wp:term":[{"taxonomy":"category","embeddable":true,"href":"https:\/\/www.lesmaconsdelacreuse.fr\/annuaires\/wp-json\/wp\/v2\/categories?post=4929"},{"taxonomy":"post_tag","embeddable":true,"href":"https:\/\/www.lesmaconsdelacreuse.fr\/annuaires\/wp-json\/wp\/v2\/tags?post=4929"}],"curies":[{"name":"wp","href":"https:\/\/api.w.org\/{rel}","templated":true}]}}