{"id":4935,"date":"2019-07-28T12:09:17","date_gmt":"2019-07-28T10:09:17","guid":{"rendered":"http:\/\/lesmaconsdelacreuse.fr\/annuaire\/?p=4935"},"modified":"2020-01-20T11:30:16","modified_gmt":"2020-01-20T10:30:16","slug":"s_28","status":"publish","type":"post","link":"https:\/\/www.lesmaconsdelacreuse.fr\/annuaires\/lettre-s\/s_28\/","title":{"rendered":"SALMET Pierre (1812-1890)"},"content":{"rendered":"<p class=\"last-updated\"><strong>Mis \u00e0 jour le :<\/strong> 01\/05\/2026<\/p><h2 style=\"text-align: center;\"><strong>Pierre SALMET<\/strong><\/h2>\n<p style=\"text-align: center;\"><strong>1812 \u2013 1890<\/strong><\/p>\n<p style=\"text-align: center;\"><img decoding=\"async\" title=\"\" src=\"https:\/\/lesmaconsdelacreuse.fr\/annuaire\/wp-content\/uploads\/2019\/07\/image1-1119.jpg\" alt=\"\" data-asset-id=\"4932\" data-source-id=\"i.0\" \/><\/p>\n<h4 style=\"text-align: center;\"><span style=\"color: #008000;\"><strong>ma\u00e7on<\/strong> et <strong>propri\u00e9taire cultivateur<\/strong><\/span><\/h4>\n<p style=\"text-align: center;\">n\u00e9 \u00e0 Chanteloube (Soubrebost)<\/p>\n<p style=\"text-align: center;\">le 19 septembre 1812<\/p>\n<p style=\"text-align: center;\">fils de<\/p>\n<p style=\"text-align: center;\">Pierre SALMET \/ Marie NOUALLET<\/p>\n<p style=\"text-align: center;\"><span style=\"color: #ffffff;\">\u25d9<\/span><\/p>\n<p><em>Pierre \u00e9pouse Marie <\/em><strong>CHAMPEYMOND <\/strong><em>le 5 mars <\/em><strong>1841<\/strong><em> \u00e0<\/em> <em>Morterolles (contrat Berger \u00e0 Bourganeuf). Ils habitent Morterolles.<\/em><\/p>\n<p><strong>En 1854<\/strong><em>, Pierre<\/em> <em>travaille dans le <\/em><span style=\"color: #0000ff;\"><strong>Rh\u00f4ne (69)<\/strong><\/span><em>.<\/em><\/p>\n<p><em> Les \u00e9poux d\u00e9c\u00e8dent \u00e0 Morterolles\u00a0:<\/em><\/p>\n<ul>\n<li><em>Marie, le 9 janvier <\/em><strong>1885<\/strong><em>, \u00e2g\u00e9e de 66 ans<\/em><\/li>\n<li><em>Pierre, le 13 ao\u00fbt <\/em><strong>1890<\/strong><em>, \u00e2g\u00e9 de 77 ans<\/em><\/li>\n<\/ul>\n","protected":false},"excerpt":{"rendered":"<p>Mis \u00e0 jour le : 01\/05\/2026Pierre SALMET 1812 \u2013 1890 ma\u00e7on et propri\u00e9taire cultivateur n\u00e9 \u00e0 Chanteloube (Soubrebost) le 19 septembre 1812 fils de Pierre SALMET \/ Marie NOUALLET \u25d9 Pierre \u00e9pouse Marie CHAMPEYMOND le 5 mars 1841 \u00e0 Morterolles (contrat Berger \u00e0 Bourganeuf). Ils habitent Morterolles. En 1854, Pierre travaille dans le Rh\u00f4ne (69). ..<\/p>\n<div class=\"clear-fix\"><\/div>\n<p><a href=\"https:\/\/www.lesmaconsdelacreuse.fr\/annuaires\/lettre-s\/s_28\/\" title=\"Lire la suite...\">Lire la suite<\/a><\/p>\n","protected":false},"author":2,"featured_media":0,"comment_status":"closed","ping_status":"closed","sticky":false,"template":"","format":"standard","meta":{"_acf_changed":false,"_exactmetrics_skip_tracking":false,"_exactmetrics_sitenote_active":false,"_exactmetrics_sitenote_note":"","_exactmetrics_sitenote_category":0,"footnotes":""},"categories":[12],"tags":[],"class_list":["post-4935","post","type-post","status-publish","format-standard","hentry","category-lettre-s"],"acf":[],"_links":{"self":[{"href":"https:\/\/www.lesmaconsdelacreuse.fr\/annuaires\/wp-json\/wp\/v2\/posts\/4935","targetHints":{"allow":["GET"]}}],"collection":[{"href":"https:\/\/www.lesmaconsdelacreuse.fr\/annuaires\/wp-json\/wp\/v2\/posts"}],"about":[{"href":"https:\/\/www.lesmaconsdelacreuse.fr\/annuaires\/wp-json\/wp\/v2\/types\/post"}],"author":[{"embeddable":true,"href":"https:\/\/www.lesmaconsdelacreuse.fr\/annuaires\/wp-json\/wp\/v2\/users\/2"}],"replies":[{"embeddable":true,"href":"https:\/\/www.lesmaconsdelacreuse.fr\/annuaires\/wp-json\/wp\/v2\/comments?post=4935"}],"version-history":[{"count":0,"href":"https:\/\/www.lesmaconsdelacreuse.fr\/annuaires\/wp-json\/wp\/v2\/posts\/4935\/revisions"}],"wp:attachment":[{"href":"https:\/\/www.lesmaconsdelacreuse.fr\/annuaires\/wp-json\/wp\/v2\/media?parent=4935"}],"wp:term":[{"taxonomy":"category","embeddable":true,"href":"https:\/\/www.lesmaconsdelacreuse.fr\/annuaires\/wp-json\/wp\/v2\/categories?post=4935"},{"taxonomy":"post_tag","embeddable":true,"href":"https:\/\/www.lesmaconsdelacreuse.fr\/annuaires\/wp-json\/wp\/v2\/tags?post=4935"}],"curies":[{"name":"wp","href":"https:\/\/api.w.org\/{rel}","templated":true}]}}