{"id":4937,"date":"2019-07-28T12:09:17","date_gmt":"2019-07-28T10:09:17","guid":{"rendered":"http:\/\/lesmaconsdelacreuse.fr\/annuaire\/?p=4937"},"modified":"2020-01-20T11:30:16","modified_gmt":"2020-01-20T10:30:16","slug":"s_13","status":"publish","type":"post","link":"https:\/\/www.lesmaconsdelacreuse.fr\/annuaires\/lettre-s\/s_13\/","title":{"rendered":"SAUMET Blaise (1832-1914)"},"content":{"rendered":"<p class=\"last-updated\"><strong>Mis \u00e0 jour le :<\/strong> 01\/05\/2026<\/p><h2 style=\"text-align: center;\"><strong>Blaise SAUMET<\/strong><\/h2>\n<p style=\"text-align: center;\"><strong>Blaise SALMET<\/strong><\/p>\n<p style=\"text-align: center;\"><strong>1832 \u2013 1914<\/strong><\/p>\n<p style=\"text-align: center;\"><img decoding=\"async\" title=\"\" src=\"https:\/\/lesmaconsdelacreuse.fr\/annuaire\/wp-content\/uploads\/2019\/07\/image1-1121.jpg\" alt=\"\" data-asset-id=\"4936\" data-source-id=\"i.0\" \/><\/p>\n<h4 style=\"text-align: center;\"><span style=\"color: #008000;\"><strong>ma\u00e7on <\/strong>et<strong> cultivateur<\/strong><\/span><\/h4>\n<p style=\"text-align: center;\">n\u00e9 \u00e0 Lestrade (Saint-Junien-la-Breg\u00e8re)<\/p>\n<p style=\"text-align: center;\">le 31 d\u00e9cembre 1832<\/p>\n<p style=\"text-align: center;\">fils de<\/p>\n<p style=\"text-align: center;\">L\u00e9onard SAUMET \/ Jeanne LAVERGNE<\/p>\n<p style=\"text-align: center;\">journaliers<\/p>\n<p style=\"text-align: center;\"><span style=\"color: #ffffff;\">\u25d9<\/span><\/p>\n<p><strong>En 1853<\/strong><em>, Blaise est dispens\u00e9 de service militaire comme a\u00een\u00e9 d\u2019orphelins.<\/em><\/p>\n<p><em>Il \u00e9pouse Jeanne Marie <\/em><strong>CHARBONNIER<\/strong><em> le 20 f\u00e9vrier <\/em><strong>1855<\/strong><em> \u00e0 Saint-Pardoux-Lavaud (mari\u00e9s sans contrat). Ils habitent Lavaupeline, puis Villemaine, m\u00eame commune.<\/em><\/p>\n<p><em>Ils d\u00e9c\u00e8dent \u00e0 Villemaine\u00a0:<\/em><\/p>\n<ul>\n<li><em>Blaise, le 4 janvier <\/em><strong>1914<\/strong><em>, \u00e2g\u00e9 de 81 ans<\/em><\/li>\n<li><em>Jeanne, le 20 f\u00e9vrier <\/em><strong>1915<\/strong><em>, \u00e2g\u00e9e de 75 ans<\/em><\/li>\n<\/ul>\n","protected":false},"excerpt":{"rendered":"<p>Mis \u00e0 jour le : 01\/05\/2026Blaise SAUMET Blaise SALMET 1832 \u2013 1914 ma\u00e7on et cultivateur n\u00e9 \u00e0 Lestrade (Saint-Junien-la-Breg\u00e8re) le 31 d\u00e9cembre 1832 fils de L\u00e9onard SAUMET \/ Jeanne LAVERGNE journaliers \u25d9 En 1853, Blaise est dispens\u00e9 de service militaire comme a\u00een\u00e9 d\u2019orphelins. Il \u00e9pouse Jeanne Marie CHARBONNIER le 20 f\u00e9vrier 1855 \u00e0 Saint-Pardoux-Lavaud (mari\u00e9s ..<\/p>\n<div class=\"clear-fix\"><\/div>\n<p><a href=\"https:\/\/www.lesmaconsdelacreuse.fr\/annuaires\/lettre-s\/s_13\/\" title=\"Lire la suite...\">Lire la suite<\/a><\/p>\n","protected":false},"author":2,"featured_media":0,"comment_status":"closed","ping_status":"closed","sticky":false,"template":"","format":"standard","meta":{"_acf_changed":false,"_exactmetrics_skip_tracking":false,"_exactmetrics_sitenote_active":false,"_exactmetrics_sitenote_note":"","_exactmetrics_sitenote_category":0,"footnotes":""},"categories":[12],"tags":[],"class_list":["post-4937","post","type-post","status-publish","format-standard","hentry","category-lettre-s"],"acf":[],"_links":{"self":[{"href":"https:\/\/www.lesmaconsdelacreuse.fr\/annuaires\/wp-json\/wp\/v2\/posts\/4937","targetHints":{"allow":["GET"]}}],"collection":[{"href":"https:\/\/www.lesmaconsdelacreuse.fr\/annuaires\/wp-json\/wp\/v2\/posts"}],"about":[{"href":"https:\/\/www.lesmaconsdelacreuse.fr\/annuaires\/wp-json\/wp\/v2\/types\/post"}],"author":[{"embeddable":true,"href":"https:\/\/www.lesmaconsdelacreuse.fr\/annuaires\/wp-json\/wp\/v2\/users\/2"}],"replies":[{"embeddable":true,"href":"https:\/\/www.lesmaconsdelacreuse.fr\/annuaires\/wp-json\/wp\/v2\/comments?post=4937"}],"version-history":[{"count":0,"href":"https:\/\/www.lesmaconsdelacreuse.fr\/annuaires\/wp-json\/wp\/v2\/posts\/4937\/revisions"}],"wp:attachment":[{"href":"https:\/\/www.lesmaconsdelacreuse.fr\/annuaires\/wp-json\/wp\/v2\/media?parent=4937"}],"wp:term":[{"taxonomy":"category","embeddable":true,"href":"https:\/\/www.lesmaconsdelacreuse.fr\/annuaires\/wp-json\/wp\/v2\/categories?post=4937"},{"taxonomy":"post_tag","embeddable":true,"href":"https:\/\/www.lesmaconsdelacreuse.fr\/annuaires\/wp-json\/wp\/v2\/tags?post=4937"}],"curies":[{"name":"wp","href":"https:\/\/api.w.org\/{rel}","templated":true}]}}