{"id":4940,"date":"2019-07-28T12:09:16","date_gmt":"2019-07-28T10:09:16","guid":{"rendered":"http:\/\/lesmaconsdelacreuse.fr\/annuaire\/?p=4940"},"modified":"2022-04-30T17:08:00","modified_gmt":"2022-04-30T15:08:00","slug":"s_8","status":"publish","type":"post","link":"https:\/\/www.lesmaconsdelacreuse.fr\/annuaires\/lettre-s\/s_8\/","title":{"rendered":"SALAGNAT Christophe (1876-1945)"},"content":{"rendered":"<p class=\"last-updated\"><strong>Mis \u00e0 jour le :<\/strong> 01\/05\/2026<\/p><h2 style=\"text-align: center;\"><strong>Christophe SALAGNAT<\/strong><\/h2>\n<p style=\"text-align: center;\"><strong>1876 \u2013 1945<\/strong><\/p>\n<p style=\"text-align: center;\"><img loading=\"lazy\" decoding=\"async\" class=\"\" title=\"\" src=\"https:\/\/lesmaconsdelacreuse.fr\/annuaire\/wp-content\/uploads\/2019\/07\/image1-1122.jpg\" alt=\"\" width=\"234\" height=\"99\" data-asset-id=\"4938\" data-source-id=\"i.0\" \/><\/p>\n<h4 style=\"text-align: center;\"><span style=\"color: #008000;\"><strong>ma\u00e7on<\/strong><\/span><\/h4>\n<p>&nbsp;<\/p>\n<p style=\"text-align: center;\">n\u00e9 au Planchadeau (Saint-Pierre-le-Bost)<\/p>\n<p style=\"text-align: center;\">le 29 octobre 1876<\/p>\n<p style=\"text-align: center;\">fils de<\/p>\n<p style=\"text-align: center;\">Jean SALAGNAT, <span style=\"color: #008000;\"><strong>ma\u00e7on<\/strong><\/span><\/p>\n<p style=\"text-align: center;\">Th\u00e9r\u00e8se SAPANET, tisserande<\/p>\n<p style=\"text-align: center;\">propri\u00e9taires cultivateurs<\/p>\n<p style=\"text-align: center;\"><span style=\"color: #ffffff;\">\u25d9<\/span><\/p>\n<p><strong>En 1897<\/strong><em>, Christophe travaille dans la <\/em><strong><span style=\"color: #0000ff;\">Seine<\/span> <\/strong><em>et y passe le conseil de r\u00e9vision. Il est vers\u00e9 dans les services auxiliaires pour <strong>\u25ba<\/strong><a href=\"https:\/\/www.lesmaconsdelacreuse.fr\/annuaires\/wp-content\/uploads\/2019\/07\/AMBLYOPIE.png\" target=\"_blank\" rel=\"noopener noreferrer\">amblyopie<\/a> de l\u2019\u0153il droit.<\/em><\/p>\n<p><strong>En 1900<\/strong><em>, il habite <\/em><span style=\"color: #0000ff;\"><strong>Paris (75)<\/strong><\/span><em>, 13, rue Saint-M\u00e9dard, dans le 5e arrondissement.<\/em><\/p>\n<p><em> Le 22 d\u00e9cembre de la m\u00eame ann\u00e9e, il \u00e9pouse \u00e0 Paris 5e Lucie Pauline <\/em><strong>P\u00c9CHON<\/strong><em>, corseti\u00e8re (mari\u00e9s sans contrat). <\/em><\/p>\n<p><strong>En 1901<\/strong><em>, ils habitent 11, rue Lac\u00e9p\u00e8de.<\/em><\/p>\n<p><em>Christophe, retrait\u00e9 et veuf, d\u00e9c\u00e8de \u00e0 Pontarion le 2 ao\u00fbt <\/em><strong>1945<\/strong><em>, \u00e2g\u00e9 de 68 ans.<\/em><\/p>\n<p>&nbsp;<\/p>\n","protected":false},"excerpt":{"rendered":"<p>Mis \u00e0 jour le : 01\/05\/2026Christophe SALAGNAT 1876 \u2013 1945 ma\u00e7on &nbsp; n\u00e9 au Planchadeau (Saint-Pierre-le-Bost) le 29 octobre 1876 fils de Jean SALAGNAT, ma\u00e7on Th\u00e9r\u00e8se SAPANET, tisserande propri\u00e9taires cultivateurs \u25d9 En 1897, Christophe travaille dans la Seine et y passe le conseil de r\u00e9vision. Il est vers\u00e9 dans les services auxiliaires pour \u25baamblyopie de ..<\/p>\n<div class=\"clear-fix\"><\/div>\n<p><a href=\"https:\/\/www.lesmaconsdelacreuse.fr\/annuaires\/lettre-s\/s_8\/\" title=\"Lire la suite...\">Lire la suite<\/a><\/p>\n","protected":false},"author":2,"featured_media":0,"comment_status":"closed","ping_status":"closed","sticky":false,"template":"","format":"standard","meta":{"_acf_changed":false,"_exactmetrics_skip_tracking":false,"_exactmetrics_sitenote_active":false,"_exactmetrics_sitenote_note":"","_exactmetrics_sitenote_category":0,"footnotes":""},"categories":[12],"tags":[],"class_list":["post-4940","post","type-post","status-publish","format-standard","hentry","category-lettre-s"],"acf":[],"_links":{"self":[{"href":"https:\/\/www.lesmaconsdelacreuse.fr\/annuaires\/wp-json\/wp\/v2\/posts\/4940","targetHints":{"allow":["GET"]}}],"collection":[{"href":"https:\/\/www.lesmaconsdelacreuse.fr\/annuaires\/wp-json\/wp\/v2\/posts"}],"about":[{"href":"https:\/\/www.lesmaconsdelacreuse.fr\/annuaires\/wp-json\/wp\/v2\/types\/post"}],"author":[{"embeddable":true,"href":"https:\/\/www.lesmaconsdelacreuse.fr\/annuaires\/wp-json\/wp\/v2\/users\/2"}],"replies":[{"embeddable":true,"href":"https:\/\/www.lesmaconsdelacreuse.fr\/annuaires\/wp-json\/wp\/v2\/comments?post=4940"}],"version-history":[{"count":2,"href":"https:\/\/www.lesmaconsdelacreuse.fr\/annuaires\/wp-json\/wp\/v2\/posts\/4940\/revisions"}],"predecessor-version":[{"id":198508,"href":"https:\/\/www.lesmaconsdelacreuse.fr\/annuaires\/wp-json\/wp\/v2\/posts\/4940\/revisions\/198508"}],"wp:attachment":[{"href":"https:\/\/www.lesmaconsdelacreuse.fr\/annuaires\/wp-json\/wp\/v2\/media?parent=4940"}],"wp:term":[{"taxonomy":"category","embeddable":true,"href":"https:\/\/www.lesmaconsdelacreuse.fr\/annuaires\/wp-json\/wp\/v2\/categories?post=4940"},{"taxonomy":"post_tag","embeddable":true,"href":"https:\/\/www.lesmaconsdelacreuse.fr\/annuaires\/wp-json\/wp\/v2\/tags?post=4940"}],"curies":[{"name":"wp","href":"https:\/\/api.w.org\/{rel}","templated":true}]}}