{"id":5796,"date":"2019-07-28T13:44:11","date_gmt":"2019-07-28T11:44:11","guid":{"rendered":"http:\/\/lesmaconsdelacreuse.fr\/annuaire\/?p=5796"},"modified":"2020-01-20T11:26:13","modified_gmt":"2020-01-20T10:26:13","slug":"l_286","status":"publish","type":"post","link":"https:\/\/www.lesmaconsdelacreuse.fr\/annuaires\/lettre-l\/l_286\/","title":{"rendered":"LANDON \u00c9tienne (1842-apr\u00e8s 1903)"},"content":{"rendered":"<p class=\"last-updated\"><strong>Mis \u00e0 jour le :<\/strong> 23\/04\/2026<\/p><h2 style=\"text-align: center;\"><strong>\u00c9tienne LANDON<\/strong><\/h2>\n<p style=\"text-align: center;\"><strong>1842 \u2013 apr\u00e8s 1903<\/strong><\/p>\n<p style=\"text-align: center;\"><img loading=\"lazy\" decoding=\"async\" class=\"\" title=\"\" src=\"https:\/\/lesmaconsdelacreuse.fr\/annuaire\/wp-content\/uploads\/2019\/07\/image1-1328.jpg\" alt=\"\" width=\"363\" height=\"85\" data-source-id=\"i.0\" data-asset-id=\"5795\" \/><\/p>\n<h4 style=\"text-align: center;\"><span style=\"color: #008000;\"><strong>ma\u00e7on <\/strong>et<strong> cultivateur<\/strong><\/span><\/h4>\n<p style=\"text-align: center;\">n\u00e9 \u00e0 La Parade (Saint-Pierre-le-Bost)<\/p>\n<p style=\"text-align: center;\">le 11 mai 1842<\/p>\n<p style=\"text-align: center;\">fils de<\/p>\n<p style=\"text-align: center;\">Jean-Baptiste LANDON, <span style=\"color: #008000;\"><strong>ma\u00e7on <\/strong><\/span><strong>\/ <\/strong>Marie MOURNAUD<\/p>\n<p style=\"text-align: center;\">propri\u00e9taires cultivateurs<\/p>\n<p style=\"text-align: center;\"><span style=\"color: #ffffff;\">\u25d9<\/span><\/p>\n<p><em>\u00c9tienne \u00e9pouse Ad\u00e9la\u00efde Anastasie Catherine <\/em><strong>COUTURIER<\/strong><em> le 14 mars <\/em><strong>1874<\/strong><em> \u00e0 Saint-Sulpice-les-Champs (contrat Martinaud).<\/em><\/p>\n<p><em> Ils habitent Chansard, m\u00eame commune.<\/em><\/p>\n","protected":false},"excerpt":{"rendered":"<p>Mis \u00e0 jour le : 23\/04\/2026\u00c9tienne LANDON 1842 \u2013 apr\u00e8s 1903 ma\u00e7on et cultivateur n\u00e9 \u00e0 La Parade (Saint-Pierre-le-Bost) le 11 mai 1842 fils de Jean-Baptiste LANDON, ma\u00e7on \/ Marie MOURNAUD propri\u00e9taires cultivateurs \u25d9 \u00c9tienne \u00e9pouse Ad\u00e9la\u00efde Anastasie Catherine COUTURIER le 14 mars 1874 \u00e0 Saint-Sulpice-les-Champs (contrat Martinaud). Ils habitent Chansard, m\u00eam..<\/p>\n<div class=\"clear-fix\"><\/div>\n<p><a href=\"https:\/\/www.lesmaconsdelacreuse.fr\/annuaires\/lettre-l\/l_286\/\" title=\"Lire la suite...\">Lire la suite<\/a><\/p>\n","protected":false},"author":6,"featured_media":0,"comment_status":"closed","ping_status":"closed","sticky":false,"template":"","format":"standard","meta":{"_acf_changed":false,"_exactmetrics_skip_tracking":false,"_exactmetrics_sitenote_active":false,"_exactmetrics_sitenote_note":"","_exactmetrics_sitenote_category":0,"footnotes":""},"categories":[19],"tags":[],"class_list":["post-5796","post","type-post","status-publish","format-standard","hentry","category-lettre-l"],"acf":[],"_links":{"self":[{"href":"https:\/\/www.lesmaconsdelacreuse.fr\/annuaires\/wp-json\/wp\/v2\/posts\/5796","targetHints":{"allow":["GET"]}}],"collection":[{"href":"https:\/\/www.lesmaconsdelacreuse.fr\/annuaires\/wp-json\/wp\/v2\/posts"}],"about":[{"href":"https:\/\/www.lesmaconsdelacreuse.fr\/annuaires\/wp-json\/wp\/v2\/types\/post"}],"author":[{"embeddable":true,"href":"https:\/\/www.lesmaconsdelacreuse.fr\/annuaires\/wp-json\/wp\/v2\/users\/6"}],"replies":[{"embeddable":true,"href":"https:\/\/www.lesmaconsdelacreuse.fr\/annuaires\/wp-json\/wp\/v2\/comments?post=5796"}],"version-history":[{"count":0,"href":"https:\/\/www.lesmaconsdelacreuse.fr\/annuaires\/wp-json\/wp\/v2\/posts\/5796\/revisions"}],"wp:attachment":[{"href":"https:\/\/www.lesmaconsdelacreuse.fr\/annuaires\/wp-json\/wp\/v2\/media?parent=5796"}],"wp:term":[{"taxonomy":"category","embeddable":true,"href":"https:\/\/www.lesmaconsdelacreuse.fr\/annuaires\/wp-json\/wp\/v2\/categories?post=5796"},{"taxonomy":"post_tag","embeddable":true,"href":"https:\/\/www.lesmaconsdelacreuse.fr\/annuaires\/wp-json\/wp\/v2\/tags?post=5796"}],"curies":[{"name":"wp","href":"https:\/\/api.w.org\/{rel}","templated":true}]}}