{"id":5800,"date":"2019-07-28T13:44:10","date_gmt":"2019-07-28T11:44:10","guid":{"rendered":"http:\/\/lesmaconsdelacreuse.fr\/annuaire\/?p=5800"},"modified":"2020-01-20T11:26:13","modified_gmt":"2020-01-20T10:26:13","slug":"l_273","status":"publish","type":"post","link":"https:\/\/www.lesmaconsdelacreuse.fr\/annuaires\/lettre-l\/l_273\/","title":{"rendered":"LAMOUREUX Pierre (1842-1891)"},"content":{"rendered":"<p class=\"last-updated\"><strong>Mis \u00e0 jour le :<\/strong> 23\/04\/2026<\/p><h2 style=\"text-align: center;\"><strong>Pierre LAMOUREUX<\/strong><\/h2>\n<p style=\"text-align: center;\"><strong>1842 \u2013 1891<\/strong><\/p>\n<p style=\"text-align: center;\"><img decoding=\"async\" title=\"\" src=\"https:\/\/lesmaconsdelacreuse.fr\/annuaire\/wp-content\/uploads\/2019\/07\/image1-1329.jpg\" alt=\"\" data-asset-id=\"5798\" data-source-id=\"i.0\" \/><\/p>\n<h4 style=\"text-align: center;\"><span style=\"color: #008000;\"><strong>ma\u00e7on<\/strong><\/span><\/h4>\n<p style=\"text-align: center;\">n\u00e9 \u00e0 Verdinas (Roy\u00e8re)<\/p>\n<p style=\"text-align: center;\">le 16 avril 1842<\/p>\n<p style=\"text-align: center;\">fils de<\/p>\n<p style=\"text-align: center;\">L\u00e9onard LAMOUREUX, <span style=\"color: #008000;\"><strong>ma\u00e7on<\/strong><\/span><\/p>\n<p style=\"text-align: center;\">Marie QUEYRAT, cultivatrice<\/p>\n<p style=\"text-align: center;\"><span style=\"color: #ffffff;\">\u25d9<\/span><\/p>\n<p><strong>En 1863<\/strong>, <em>Pierre est dispens\u00e9 de service militaire comme fils a\u00een\u00e9 de veuve.<\/em><\/p>\n<p><strong>En 1866<\/strong><em>, Pierre travaille \u00e0 <\/em><span style=\"color: #0000ff;\"><strong>Paris (75)<\/strong><\/span><em> et loge 8, rue de Jouy dans le 4e.<\/em><\/p>\n<p><em> Il \u00e9pouse Marie <\/em><strong>LEBUREAU<\/strong><em>, tisserande, le 23 juin <\/em><strong>1870<\/strong><em> \u00e0 Saint-Pierre-le-Bost (mari\u00e9s sans contrat).<\/em><\/p>\n<p><em>Ils d\u00e9c\u00e8dent au Compeix, commune de Saint-Pierre-le-Bost\u00a0:<\/em><\/p>\n<ul>\n<li><em>Pierre, le 7 avril <\/em><strong>1891<\/strong><em>, \u00e2g\u00e9 de 48 ans<\/em><\/li>\n<li><em>Marie, le 9 mars <\/em><strong>1926<\/strong>,<em> \u00e2g\u00e9e de 80 ans<\/em><\/li>\n<\/ul>\n","protected":false},"excerpt":{"rendered":"<p>Mis \u00e0 jour le : 23\/04\/2026Pierre LAMOUREUX 1842 \u2013 1891 ma\u00e7on n\u00e9 \u00e0 Verdinas (Roy\u00e8re) le 16 avril 1842 fils de L\u00e9onard LAMOUREUX, ma\u00e7on Marie QUEYRAT, cultivatrice \u25d9 En 1863, Pierre est dispens\u00e9 de service militaire comme fils a\u00een\u00e9 de veuve. En 1866, Pierre travaille \u00e0 Paris (75) et loge 8, rue de Jouy dans ..<\/p>\n<div class=\"clear-fix\"><\/div>\n<p><a href=\"https:\/\/www.lesmaconsdelacreuse.fr\/annuaires\/lettre-l\/l_273\/\" title=\"Lire la suite...\">Lire la suite<\/a><\/p>\n","protected":false},"author":2,"featured_media":0,"comment_status":"closed","ping_status":"closed","sticky":false,"template":"","format":"standard","meta":{"_acf_changed":false,"_exactmetrics_skip_tracking":false,"_exactmetrics_sitenote_active":false,"_exactmetrics_sitenote_note":"","_exactmetrics_sitenote_category":0,"footnotes":""},"categories":[19],"tags":[],"class_list":["post-5800","post","type-post","status-publish","format-standard","hentry","category-lettre-l"],"acf":[],"_links":{"self":[{"href":"https:\/\/www.lesmaconsdelacreuse.fr\/annuaires\/wp-json\/wp\/v2\/posts\/5800","targetHints":{"allow":["GET"]}}],"collection":[{"href":"https:\/\/www.lesmaconsdelacreuse.fr\/annuaires\/wp-json\/wp\/v2\/posts"}],"about":[{"href":"https:\/\/www.lesmaconsdelacreuse.fr\/annuaires\/wp-json\/wp\/v2\/types\/post"}],"author":[{"embeddable":true,"href":"https:\/\/www.lesmaconsdelacreuse.fr\/annuaires\/wp-json\/wp\/v2\/users\/2"}],"replies":[{"embeddable":true,"href":"https:\/\/www.lesmaconsdelacreuse.fr\/annuaires\/wp-json\/wp\/v2\/comments?post=5800"}],"version-history":[{"count":0,"href":"https:\/\/www.lesmaconsdelacreuse.fr\/annuaires\/wp-json\/wp\/v2\/posts\/5800\/revisions"}],"wp:attachment":[{"href":"https:\/\/www.lesmaconsdelacreuse.fr\/annuaires\/wp-json\/wp\/v2\/media?parent=5800"}],"wp:term":[{"taxonomy":"category","embeddable":true,"href":"https:\/\/www.lesmaconsdelacreuse.fr\/annuaires\/wp-json\/wp\/v2\/categories?post=5800"},{"taxonomy":"post_tag","embeddable":true,"href":"https:\/\/www.lesmaconsdelacreuse.fr\/annuaires\/wp-json\/wp\/v2\/tags?post=5800"}],"curies":[{"name":"wp","href":"https:\/\/api.w.org\/{rel}","templated":true}]}}