{"id":5807,"date":"2019-07-28T13:44:09","date_gmt":"2019-07-28T11:44:09","guid":{"rendered":"http:\/\/lesmaconsdelacreuse.fr\/annuaire\/?p=5807"},"modified":"2020-01-20T11:26:13","modified_gmt":"2020-01-20T10:26:13","slug":"l_271","status":"publish","type":"post","link":"https:\/\/www.lesmaconsdelacreuse.fr\/annuaires\/lettre-l\/l_271\/","title":{"rendered":"LAMOUREUX Louis (1872-1945)"},"content":{"rendered":"<p class=\"last-updated\"><strong>Mis \u00e0 jour le :<\/strong> 23\/04\/2026<\/p><h2 style=\"text-align: center;\"><strong>Louis LAMOUREUX<\/strong><\/h2>\n<p style=\"text-align: center;\"><strong>1872 \u2013 1945<\/strong><\/p>\n<p style=\"text-align: center;\"><img loading=\"lazy\" decoding=\"async\" class=\"\" title=\"\" src=\"https:\/\/lesmaconsdelacreuse.fr\/annuaire\/wp-content\/uploads\/2019\/07\/image1-1332.jpg\" alt=\"\" width=\"275\" height=\"78\" data-source-id=\"i.0\" data-asset-id=\"5806\" \/><\/p>\n<h4 style=\"text-align: center;\"><span style=\"color: #008000;\"><strong>ma\u00e7on<\/strong><\/span><\/h4>\n<p style=\"text-align: center;\">n\u00e9 au Compeix (Saint-Pierre-le-Bost)<\/p>\n<p style=\"text-align: center;\">le 8 ao\u00fbt 1872<\/p>\n<p style=\"text-align: center;\">fils de<\/p>\n<p style=\"text-align: center;\">Pierre LAMOUREUX, <span style=\"color: #008000;\"><strong>ma\u00e7on<\/strong><\/span><\/p>\n<p style=\"text-align: center;\">Marie LEBUREAU, tisserande<\/p>\n<p style=\"text-align: center;\"><span style=\"color: #ffffff;\">\u25d9<\/span><\/p>\n<p><strong>En 1893<\/strong>, <em>Louis est dispens\u00e9 de service militaire, comme fils unique de veuve.<\/em><\/p>\n<p><strong>En 1894<\/strong><em><strong>,<\/strong> il r\u00e9side \u00e0 <\/em><span style=\"color: #0000ff;\"><strong>Mantes (78)<\/strong><\/span><em>, 27, avenue de la R\u00e9publique.<\/em><\/p>\n<p><em> Il \u00e9pouse Marie <\/em><strong>MOREAU<\/strong><em> le 25 janvier <\/em><strong>1896<\/strong><em> \u00e0 Saint-Pierre-le-Bost (contrat Va\u00efsse \u00e0 Bourganeuf). Ils habitent le Compeix. <\/em><\/p>\n<p><strong>En 1897<\/strong><em>, Louis est \u00e0 <\/em><span style=\"color: #0000ff;\"><strong>Magny (78)<\/strong><\/span><em>;<\/em><\/p>\n<p><strong>en 1898<\/strong>,<em> \u00e0 <\/em><span style=\"color: #0000ff;\"><strong>Paris (75)<\/strong><\/span><em>, 78, route de L\u00e9vis;<\/em><\/p>\n<p><strong>en 1899<\/strong><em>, 7, impasse Marie Blanche;<\/em><\/p>\n<p><strong>en 1900<\/strong><em>, 12, rue de la Jonqui\u00e8re;<\/em><\/p>\n<p><strong>en 1902<\/strong><em>, 17, rue Montcalm;<\/em><\/p>\n<p><strong>en 1907<\/strong><em>, 81, rue Damr\u00e9mont;<\/em><\/p>\n<p><strong>en 1908<\/strong><em>, 70, rue Lamarck\u00a0; <\/em><\/p>\n<p><strong>en 1925<\/strong><em>, 96, rue Damr\u00e9mont.<\/em><\/p>\n<p><em>Les \u00e9poux d\u00e9c\u00e8dent\u00a0:<\/em><\/p>\n<ul>\n<li><em>Louis, au Compeix, le 7 mai <\/em><strong>1945<\/strong><em>, \u00e2g\u00e9 de 72 ans<\/em><\/li>\n<li><em>Marie, \u00e0 Tarascon (13), le 8 avril <\/em><strong>1969<\/strong><em>, \u00e2g\u00e9e de 92 ans<\/em><\/li>\n<\/ul>\n","protected":false},"excerpt":{"rendered":"<p>Mis \u00e0 jour le : 23\/04\/2026Louis LAMOUREUX 1872 \u2013 1945 ma\u00e7on n\u00e9 au Compeix (Saint-Pierre-le-Bost) le 8 ao\u00fbt 1872 fils de Pierre LAMOUREUX, ma\u00e7on Marie LEBUREAU, tisserande \u25d9 En 1893, Louis est dispens\u00e9 de service militaire, comme fils unique de veuve. En 1894, il r\u00e9side \u00e0 Mantes (78), 27, avenue de la R\u00e9publique. Il \u00e9pouse ..<\/p>\n<div class=\"clear-fix\"><\/div>\n<p><a href=\"https:\/\/www.lesmaconsdelacreuse.fr\/annuaires\/lettre-l\/l_271\/\" title=\"Lire la suite...\">Lire la suite<\/a><\/p>\n","protected":false},"author":6,"featured_media":0,"comment_status":"closed","ping_status":"closed","sticky":false,"template":"","format":"standard","meta":{"_acf_changed":false,"_exactmetrics_skip_tracking":false,"_exactmetrics_sitenote_active":false,"_exactmetrics_sitenote_note":"","_exactmetrics_sitenote_category":0,"footnotes":""},"categories":[19],"tags":[],"class_list":["post-5807","post","type-post","status-publish","format-standard","hentry","category-lettre-l"],"acf":[],"_links":{"self":[{"href":"https:\/\/www.lesmaconsdelacreuse.fr\/annuaires\/wp-json\/wp\/v2\/posts\/5807","targetHints":{"allow":["GET"]}}],"collection":[{"href":"https:\/\/www.lesmaconsdelacreuse.fr\/annuaires\/wp-json\/wp\/v2\/posts"}],"about":[{"href":"https:\/\/www.lesmaconsdelacreuse.fr\/annuaires\/wp-json\/wp\/v2\/types\/post"}],"author":[{"embeddable":true,"href":"https:\/\/www.lesmaconsdelacreuse.fr\/annuaires\/wp-json\/wp\/v2\/users\/6"}],"replies":[{"embeddable":true,"href":"https:\/\/www.lesmaconsdelacreuse.fr\/annuaires\/wp-json\/wp\/v2\/comments?post=5807"}],"version-history":[{"count":0,"href":"https:\/\/www.lesmaconsdelacreuse.fr\/annuaires\/wp-json\/wp\/v2\/posts\/5807\/revisions"}],"wp:attachment":[{"href":"https:\/\/www.lesmaconsdelacreuse.fr\/annuaires\/wp-json\/wp\/v2\/media?parent=5807"}],"wp:term":[{"taxonomy":"category","embeddable":true,"href":"https:\/\/www.lesmaconsdelacreuse.fr\/annuaires\/wp-json\/wp\/v2\/categories?post=5807"},{"taxonomy":"post_tag","embeddable":true,"href":"https:\/\/www.lesmaconsdelacreuse.fr\/annuaires\/wp-json\/wp\/v2\/tags?post=5807"}],"curies":[{"name":"wp","href":"https:\/\/api.w.org\/{rel}","templated":true}]}}