{"id":5814,"date":"2019-07-28T13:44:07","date_gmt":"2019-07-28T11:44:07","guid":{"rendered":"http:\/\/lesmaconsdelacreuse.fr\/annuaire\/?p=5814"},"modified":"2022-04-07T16:15:22","modified_gmt":"2022-04-07T14:15:22","slug":"l_277","status":"publish","type":"post","link":"https:\/\/www.lesmaconsdelacreuse.fr\/annuaires\/lettre-l\/l_277\/","title":{"rendered":"LAMY Pierre (1824-1864)"},"content":{"rendered":"<p class=\"last-updated\"><strong>Mis \u00e0 jour le :<\/strong> 23\/04\/2026<\/p><h2 style=\"text-align: center;\"><strong>Pierre LAMY<\/strong><\/h2>\n<p style=\"text-align: center;\"><strong>1824 \u2013 1864<\/strong><\/p>\n<p style=\"text-align: center;\"><img decoding=\"async\" title=\"\" src=\"https:\/\/lesmaconsdelacreuse.fr\/annuaire\/wp-content\/uploads\/2019\/07\/image1-1335.jpg\" alt=\"\" data-source-id=\"i.0\" data-asset-id=\"5812\" \/><\/p>\n<h4 style=\"text-align: center;\"><span style=\"color: #008000;\"><strong>ma\u00e7on <\/strong>et<strong> cultivateur<\/strong><\/span><\/h4>\n<p style=\"text-align: center;\">n\u00e9 au bourg de Peyrat-le-Ch\u00e2teau<\/p>\n<p style=\"text-align: center;\">le 28 octobre 1824<\/p>\n<p style=\"text-align: center;\">fils de<\/p>\n<p style=\"text-align: center;\">Gabriel LAMY, <span style=\"color: #008000;\"><strong>ma\u00e7on<\/strong><\/span><\/p>\n<p style=\"text-align: center;\">Marguerite POUYADE, cultivatrice<\/p>\n<p style=\"text-align: center;\"><span style=\"color: #ffffff;\">\u25d9<\/span><\/p>\n<p><em>Pierre \u00e9pouse Marie <\/em><strong>BOUNICHON<\/strong><em> le 17 f\u00e9vrier <\/em><strong>1846<\/strong><em> \u00e0 Saint-Martin-Ch\u00e2teau (contrat Jarrijon).<\/em><\/p>\n<p><em>Ils habitent d&rsquo;abord le bourg de Saint-Martin.<\/em><\/p>\n<p><strong>En 1856<\/strong><em>, ils sont recens\u00e9s \u00e0 <\/em><span style=\"color: #0000ff;\"><strong>Saint-Genis-Laval (69)\u00a0<\/strong><\/span><em>;<\/em><\/p>\n<p><em>\u00a0<\/em><strong>en 1862<\/strong><em>, ils habitent <span style=\"color: #0000ff;\">Oullins (69)<\/span>\u00a0;<\/em><\/p>\n<p><strong>\u00a0en 1864<\/strong><em>, route Imp\u00e9riale, maison Batard.<\/em><\/p>\n<p><em>\u00a0<\/em><em>Les \u00e9poux d\u00e9c\u00e8dent \u00e0 Oullins\u00a0:<\/em><\/p>\n<ul>\n<li><em>Pierre, le 3 mars <\/em><strong>1864<\/strong><em>, \u00e2g\u00e9 de 39 ans<\/em><\/li>\n<li><em>Marie, le 9 avril <\/em><strong>1906<\/strong><em>, \u00e2g\u00e9e de 81 ans<\/em><\/li>\n<\/ul>\n<p>&nbsp;<\/p>\n","protected":false},"excerpt":{"rendered":"<p>Mis \u00e0 jour le : 23\/04\/2026Pierre LAMY 1824 \u2013 1864 ma\u00e7on et cultivateur n\u00e9 au bourg de Peyrat-le-Ch\u00e2teau le 28 octobre 1824 fils de Gabriel LAMY, ma\u00e7on Marguerite POUYADE, cultivatrice \u25d9 Pierre \u00e9pouse Marie BOUNICHON le 17 f\u00e9vrier 1846 \u00e0 Saint-Martin-Ch\u00e2teau (contrat Jarrijon). Ils habitent d&rsquo;abord le bourg de Saint-Martin. En 1856, ils sont recens\u00e9s ..<\/p>\n<div class=\"clear-fix\"><\/div>\n<p><a href=\"https:\/\/www.lesmaconsdelacreuse.fr\/annuaires\/lettre-l\/l_277\/\" title=\"Lire la suite...\">Lire la suite<\/a><\/p>\n","protected":false},"author":6,"featured_media":0,"comment_status":"closed","ping_status":"closed","sticky":false,"template":"","format":"standard","meta":{"_acf_changed":false,"_exactmetrics_skip_tracking":false,"_exactmetrics_sitenote_active":false,"_exactmetrics_sitenote_note":"","_exactmetrics_sitenote_category":0,"footnotes":""},"categories":[19],"tags":[],"class_list":["post-5814","post","type-post","status-publish","format-standard","hentry","category-lettre-l"],"acf":[],"_links":{"self":[{"href":"https:\/\/www.lesmaconsdelacreuse.fr\/annuaires\/wp-json\/wp\/v2\/posts\/5814","targetHints":{"allow":["GET"]}}],"collection":[{"href":"https:\/\/www.lesmaconsdelacreuse.fr\/annuaires\/wp-json\/wp\/v2\/posts"}],"about":[{"href":"https:\/\/www.lesmaconsdelacreuse.fr\/annuaires\/wp-json\/wp\/v2\/types\/post"}],"author":[{"embeddable":true,"href":"https:\/\/www.lesmaconsdelacreuse.fr\/annuaires\/wp-json\/wp\/v2\/users\/6"}],"replies":[{"embeddable":true,"href":"https:\/\/www.lesmaconsdelacreuse.fr\/annuaires\/wp-json\/wp\/v2\/comments?post=5814"}],"version-history":[{"count":2,"href":"https:\/\/www.lesmaconsdelacreuse.fr\/annuaires\/wp-json\/wp\/v2\/posts\/5814\/revisions"}],"predecessor-version":[{"id":197234,"href":"https:\/\/www.lesmaconsdelacreuse.fr\/annuaires\/wp-json\/wp\/v2\/posts\/5814\/revisions\/197234"}],"wp:attachment":[{"href":"https:\/\/www.lesmaconsdelacreuse.fr\/annuaires\/wp-json\/wp\/v2\/media?parent=5814"}],"wp:term":[{"taxonomy":"category","embeddable":true,"href":"https:\/\/www.lesmaconsdelacreuse.fr\/annuaires\/wp-json\/wp\/v2\/categories?post=5814"},{"taxonomy":"post_tag","embeddable":true,"href":"https:\/\/www.lesmaconsdelacreuse.fr\/annuaires\/wp-json\/wp\/v2\/tags?post=5814"}],"curies":[{"name":"wp","href":"https:\/\/api.w.org\/{rel}","templated":true}]}}