{"id":5818,"date":"2019-07-28T13:44:06","date_gmt":"2019-07-28T11:44:06","guid":{"rendered":"http:\/\/lesmaconsdelacreuse.fr\/annuaire\/?p=5818"},"modified":"2020-01-20T11:26:15","modified_gmt":"2020-01-20T10:26:15","slug":"l_276","status":"publish","type":"post","link":"https:\/\/www.lesmaconsdelacreuse.fr\/annuaires\/lettre-l\/l_276\/","title":{"rendered":"LAMY Martial (1741-1811)"},"content":{"rendered":"<p class=\"last-updated\"><strong>Mis \u00e0 jour le :<\/strong> 25\/04\/2026<\/p><h2 style=\"text-align: center;\"><strong>Martial LAMY<\/strong><\/h2>\n<p style=\"text-align: center;\"><strong>1741 \u2013 1811<\/strong><\/p>\n<p style=\"text-align: center;\"><img decoding=\"async\" title=\"\" src=\"https:\/\/lesmaconsdelacreuse.fr\/annuaire\/wp-content\/uploads\/2019\/07\/image1-1337.jpg\" alt=\"\" data-source-id=\"i.0\" data-asset-id=\"5816\" \/><\/p>\n<h4 style=\"text-align: center;\"><span style=\"color: #008000;\"><strong>ma\u00e7on<\/strong> et <strong>laboureur<\/strong><\/span><\/h4>\n<p style=\"text-align: center;\">n\u00e9 au Monteil (Saint-Martin-Ch\u00e2teau)<\/p>\n<p style=\"text-align: center;\">le 11 juillet 1741<\/p>\n<p style=\"text-align: center;\">fils de<\/p>\n<p style=\"text-align: center;\">L\u00e9onard LAMY, <span style=\"color: #008000;\"><strong>ma\u00e7on <\/strong><\/span><strong>\/ <\/strong>Catherine PR\u00c9BOST<\/p>\n<p style=\"text-align: center;\">laboureurs<\/p>\n<p style=\"text-align: center;\"><span style=\"color: #ffffff;\">\u25d9<\/span><\/p>\n<p><em>Martial \u00e9pouse Marie <\/em><strong>DESTIENNE<\/strong><em>, veuve de Louis PITANCE, le 6 f\u00e9vrier <\/em><strong>1770<\/strong><em> \u00e0 Saint-Martin (contrat Dumasfaure). Ils habitent La Seauve. <\/em><\/p>\n<p><em>Marie y d\u00e9c\u00e8de le 16 f\u00e9vrier <\/em><strong>1790<\/strong><em>, \u00e2g\u00e9e de 43 ans. <\/em><\/p>\n<p><em>Martial \u00e9pouse Marie <\/em><strong>LEBLANC<\/strong><em>, veuve de Fran\u00e7ois DAUPHIN, le 31 janvier <\/em><strong>1791<\/strong><em> \u00e0 Saint-Martin.<\/em><\/p>\n<p><em>Marie d\u00e9c\u00e8de \u00e0 La Seauve le 25 germinal an XI (15 avril <\/em><strong>1803<\/strong><em>), \u00e2g\u00e9e de 62 ans. <\/em><\/p>\n<p><em>Martial se marie une troisi\u00e8me fois\u00a0le 6 f\u00e9vrier <\/em><strong>1804<\/strong><em> \u00e0 Saint-Martin-Ch\u00e2teau avec Marie <\/em><strong>PR\u00c9BOST<\/strong><em>.<\/em><\/p>\n<p><em>Elle d\u00e9c\u00e8de \u00e0 La Seauve le 24 novembre <\/em><strong>1805<\/strong><em>, \u00e2g\u00e9e de 65 ans.<\/em><\/p>\n<p><em>Martial se marie en quatri\u00e8mes noces avec Jeanne <\/em><strong>PERRIER<\/strong><em>, le 17 f\u00e9vrier <\/em><strong>1806<\/strong><em> \u00e0 Saint-Martin. Ils habitent La Clavelle, commune de Saint-Martin.<\/em><\/p>\n<p><em>Martial y d\u00e9c\u00e8de le 2 octobre <\/em><strong>1811<\/strong><em>, \u00e2g\u00e9 de 70 ans.<\/em><\/p>\n","protected":false},"excerpt":{"rendered":"<p>Mis \u00e0 jour le : 25\/04\/2026Martial LAMY 1741 \u2013 1811 ma\u00e7on et laboureur n\u00e9 au Monteil (Saint-Martin-Ch\u00e2teau) le 11 juillet 1741 fils de L\u00e9onard LAMY, ma\u00e7on \/ Catherine PR\u00c9BOST laboureurs \u25d9 Martial \u00e9pouse Marie DESTIENNE, veuve de Louis PITANCE, le 6 f\u00e9vrier 1770 \u00e0 Saint-Martin (contrat Dumasfaure). Ils habitent La Seauve. Marie y d\u00e9c\u00e8de le ..<\/p>\n<div class=\"clear-fix\"><\/div>\n<p><a href=\"https:\/\/www.lesmaconsdelacreuse.fr\/annuaires\/lettre-l\/l_276\/\" title=\"Lire la suite...\">Lire la suite<\/a><\/p>\n","protected":false},"author":6,"featured_media":0,"comment_status":"closed","ping_status":"closed","sticky":false,"template":"","format":"standard","meta":{"_acf_changed":false,"_exactmetrics_skip_tracking":false,"_exactmetrics_sitenote_active":false,"_exactmetrics_sitenote_note":"","_exactmetrics_sitenote_category":0,"footnotes":""},"categories":[19],"tags":[],"class_list":["post-5818","post","type-post","status-publish","format-standard","hentry","category-lettre-l"],"acf":[],"_links":{"self":[{"href":"https:\/\/www.lesmaconsdelacreuse.fr\/annuaires\/wp-json\/wp\/v2\/posts\/5818","targetHints":{"allow":["GET"]}}],"collection":[{"href":"https:\/\/www.lesmaconsdelacreuse.fr\/annuaires\/wp-json\/wp\/v2\/posts"}],"about":[{"href":"https:\/\/www.lesmaconsdelacreuse.fr\/annuaires\/wp-json\/wp\/v2\/types\/post"}],"author":[{"embeddable":true,"href":"https:\/\/www.lesmaconsdelacreuse.fr\/annuaires\/wp-json\/wp\/v2\/users\/6"}],"replies":[{"embeddable":true,"href":"https:\/\/www.lesmaconsdelacreuse.fr\/annuaires\/wp-json\/wp\/v2\/comments?post=5818"}],"version-history":[{"count":0,"href":"https:\/\/www.lesmaconsdelacreuse.fr\/annuaires\/wp-json\/wp\/v2\/posts\/5818\/revisions"}],"wp:attachment":[{"href":"https:\/\/www.lesmaconsdelacreuse.fr\/annuaires\/wp-json\/wp\/v2\/media?parent=5818"}],"wp:term":[{"taxonomy":"category","embeddable":true,"href":"https:\/\/www.lesmaconsdelacreuse.fr\/annuaires\/wp-json\/wp\/v2\/categories?post=5818"},{"taxonomy":"post_tag","embeddable":true,"href":"https:\/\/www.lesmaconsdelacreuse.fr\/annuaires\/wp-json\/wp\/v2\/tags?post=5818"}],"curies":[{"name":"wp","href":"https:\/\/api.w.org\/{rel}","templated":true}]}}