{"id":5822,"date":"2019-07-28T13:44:05","date_gmt":"2019-07-28T11:44:05","guid":{"rendered":"http:\/\/lesmaconsdelacreuse.fr\/annuaire\/?p=5822"},"modified":"2020-01-20T11:26:15","modified_gmt":"2020-01-20T10:26:15","slug":"l_274","status":"publish","type":"post","link":"https:\/\/www.lesmaconsdelacreuse.fr\/annuaires\/lettre-l\/l_274\/","title":{"rendered":"LAMY Gabriel (1786-1844)"},"content":{"rendered":"<p class=\"last-updated\"><strong>Mis \u00e0 jour le :<\/strong> 25\/04\/2026<\/p><h2 style=\"text-align: center;\"><strong>Gabriel LAMY<\/strong><\/h2>\n<p style=\"text-align: center;\"><strong>1786 \u2013 1844<\/strong><\/p>\n<p style=\"text-align: center;\"><img decoding=\"async\" title=\"\" src=\"https:\/\/lesmaconsdelacreuse.fr\/annuaire\/wp-content\/uploads\/2019\/07\/image1-1339.jpg\" alt=\"\" data-source-id=\"i.0\" data-asset-id=\"5819\" \/><\/p>\n<h4 style=\"text-align: center;\"><span style=\"color: #008000;\"><strong>ma\u00e7on<\/strong> et<strong> cultivateur<\/strong><\/span><\/h4>\n<p style=\"text-align: center;\">n\u00e9 \u00e0 La Seauve (Saint-Martin-Ch\u00e2teau)<\/p>\n<p style=\"text-align: center;\">le 21 octobre 1786<\/p>\n<p style=\"text-align: center;\">fils de<\/p>\n<p style=\"text-align: center;\">Martial LAMY, <span style=\"color: #008000;\"><strong>ma\u00e7on <\/strong><\/span><strong>\/ <\/strong>Marie DESTIENNE<\/p>\n<p style=\"text-align: center;\">laboureur<\/p>\n<p style=\"text-align: center;\"><span style=\"color: #ffffff;\">\u25d9<\/span><\/p>\n<p><em>Gabriel \u00e9pouse Gabrielle <\/em><strong>LEGALANT <\/strong><em>le 30 frimaire an X (21 novembre <\/em><strong>1801<\/strong><em>) \u00e0 Peyrat-le-Ch\u00e2teau (87 \u2013 <\/em><em>contrat Defournoux). <\/em><\/p>\n<p><em>Gabrielle d\u00e9c\u00e8de \u00e0 Peyrat, le 5 octobre <\/em><strong>1820<\/strong><em>, \u00e2g\u00e9e de 31 ans.<\/em><\/p>\n<p><em>Habitant toujours Peyrat, Gabriel se remarie le 23 janvier <\/em><strong>1821<\/strong><em> \u00e0 Peyrat, avec Marguerite <\/em><strong>POUYADE<\/strong><em>, servante, veuve de L\u00e9onard MANANT.<\/em><\/p>\n<p><em>Ils d\u00e9c\u00e8dent \u00e0 Peyrat\u00a0:<\/em><\/p>\n<ul>\n<li><em>Marguerite, le 11 mars <\/em><strong>1839<\/strong>,<em> \u00e2g\u00e9e de 44 ans<\/em><\/li>\n<li><em>Gabriel, le 17 ao\u00fbt <\/em><strong>1844<\/strong><em>, \u00e2g\u00e9 de 57 ans<\/em><\/li>\n<\/ul>\n","protected":false},"excerpt":{"rendered":"<p>Mis \u00e0 jour le : 25\/04\/2026Gabriel LAMY 1786 \u2013 1844 ma\u00e7on et cultivateur n\u00e9 \u00e0 La Seauve (Saint-Martin-Ch\u00e2teau) le 21 octobre 1786 fils de Martial LAMY, ma\u00e7on \/ Marie DESTIENNE laboureur \u25d9 Gabriel \u00e9pouse Gabrielle LEGALANT le 30 frimaire an X (21 novembre 1801) \u00e0 Peyrat-le-Ch\u00e2teau (87 \u2013 contrat Defournoux). Gabrielle d\u00e9c\u00e8de \u00e0 Peyrat, le ..<\/p>\n<div class=\"clear-fix\"><\/div>\n<p><a href=\"https:\/\/www.lesmaconsdelacreuse.fr\/annuaires\/lettre-l\/l_274\/\" title=\"Lire la suite...\">Lire la suite<\/a><\/p>\n","protected":false},"author":6,"featured_media":0,"comment_status":"closed","ping_status":"closed","sticky":false,"template":"","format":"standard","meta":{"_acf_changed":false,"_exactmetrics_skip_tracking":false,"_exactmetrics_sitenote_active":false,"_exactmetrics_sitenote_note":"","_exactmetrics_sitenote_category":0,"footnotes":""},"categories":[19],"tags":[],"class_list":["post-5822","post","type-post","status-publish","format-standard","hentry","category-lettre-l"],"acf":[],"_links":{"self":[{"href":"https:\/\/www.lesmaconsdelacreuse.fr\/annuaires\/wp-json\/wp\/v2\/posts\/5822","targetHints":{"allow":["GET"]}}],"collection":[{"href":"https:\/\/www.lesmaconsdelacreuse.fr\/annuaires\/wp-json\/wp\/v2\/posts"}],"about":[{"href":"https:\/\/www.lesmaconsdelacreuse.fr\/annuaires\/wp-json\/wp\/v2\/types\/post"}],"author":[{"embeddable":true,"href":"https:\/\/www.lesmaconsdelacreuse.fr\/annuaires\/wp-json\/wp\/v2\/users\/6"}],"replies":[{"embeddable":true,"href":"https:\/\/www.lesmaconsdelacreuse.fr\/annuaires\/wp-json\/wp\/v2\/comments?post=5822"}],"version-history":[{"count":0,"href":"https:\/\/www.lesmaconsdelacreuse.fr\/annuaires\/wp-json\/wp\/v2\/posts\/5822\/revisions"}],"wp:attachment":[{"href":"https:\/\/www.lesmaconsdelacreuse.fr\/annuaires\/wp-json\/wp\/v2\/media?parent=5822"}],"wp:term":[{"taxonomy":"category","embeddable":true,"href":"https:\/\/www.lesmaconsdelacreuse.fr\/annuaires\/wp-json\/wp\/v2\/categories?post=5822"},{"taxonomy":"post_tag","embeddable":true,"href":"https:\/\/www.lesmaconsdelacreuse.fr\/annuaires\/wp-json\/wp\/v2\/tags?post=5822"}],"curies":[{"name":"wp","href":"https:\/\/api.w.org\/{rel}","templated":true}]}}