{"id":5823,"date":"2019-07-28T13:44:04","date_gmt":"2019-07-28T11:44:04","guid":{"rendered":"http:\/\/lesmaconsdelacreuse.fr\/annuaire\/?p=5823"},"modified":"2020-01-20T11:26:16","modified_gmt":"2020-01-20T10:26:16","slug":"l_265","status":"publish","type":"post","link":"https:\/\/www.lesmaconsdelacreuse.fr\/annuaires\/lettre-l\/l_265\/","title":{"rendered":"LAMOULINE Mathieu (1867-apr\u00e8s 1924)"},"content":{"rendered":"<p class=\"last-updated\"><strong>Mis \u00e0 jour le :<\/strong> 25\/04\/2026<\/p><h2 style=\"text-align: center;\"><strong>Mathieu LAMOULINE<\/strong><\/h2>\n<p style=\"text-align: center;\"><strong>1867 \u2013 apr\u00e8s 1924<\/strong><\/p>\n<p style=\"text-align: center;\"><img decoding=\"async\" title=\"\" src=\"https:\/\/lesmaconsdelacreuse.fr\/annuaire\/wp-content\/uploads\/2019\/07\/image1-1340.jpg\" alt=\"\" data-source-id=\"i.0\" data-asset-id=\"5821\" \/><\/p>\n<h4 style=\"text-align: center;\"><span style=\"color: #008000;\"><strong>ma\u00e7on<\/strong><\/span><\/h4>\n<p style=\"text-align: center;\">n\u00e9 \u00e0 La Cour-de-Rozet (Saint-Pardoux-Lavaud)<\/p>\n<p style=\"text-align: center;\">le 15 septembre 1867<\/p>\n<p style=\"text-align: center;\">fils de<\/p>\n<p style=\"text-align: center;\">Jean-Baptiste LAMOULINE,<span style=\"color: #008000;\"><strong> ma\u00e7on<\/strong><\/span><\/p>\n<p style=\"text-align: center;\">et de Marie ORLIANGES, cultivatrice<\/p>\n<p style=\"text-align: center;\"><span style=\"color: #ffffff;\">\u25d9<\/span><\/p>\n<p><strong>En 1892<\/strong><em>, Mathieu travaille \u00e0 <\/em><strong><span style=\"color: #0000ff;\">Versailles (78)<\/span><\/strong><em><span style=\"color: #0000ff;\">;<\/span> il loge 39, rue de Montreuil, pui<\/em>s <em> \u00e0 <\/em><span style=\"color: #0000ff;\"><strong>Clichy (92)<\/strong><\/span><em>, 18, rue des Chasses\u00a0;<\/em><\/p>\n<p><strong>en 1894<\/strong>,<em> au 16, m\u00eame rue.<\/em><\/p>\n<p><em> Il \u00e9pouse Germaine <\/em><strong>JOFFRE<\/strong><em> le 23 f\u00e9vrier <\/em><strong>1895<\/strong><em> \u00e0 Saint-Pardoux-Lavaud (contrat Va\u00efsse \u00e0 Bourganeuf). <\/em><\/p>\n<p><em>Il travaille \u00e0 <\/em><span style=\"color: #0000ff;\"><strong>Courbevoie (92)<\/strong><\/span><em>, et loge\u00a0:<\/em><\/p>\n<p><strong>en 1897<\/strong><em>, 9, rue de la Corv\u00e9e\u00a0;<\/em><\/p>\n<p><strong>en 1902<\/strong><em>, 13, rue de Paris\u00a0;<\/em><\/p>\n<p><strong>en 1907<\/strong><em>, 51, rue de l\u2019Alma;<\/em><\/p>\n<p><strong>en 1921 et 1924<\/strong><em>, 62, rue de Strasbourg.<\/em><\/p>\n","protected":false},"excerpt":{"rendered":"<p>Mis \u00e0 jour le : 25\/04\/2026Mathieu LAMOULINE 1867 \u2013 apr\u00e8s 1924 ma\u00e7on n\u00e9 \u00e0 La Cour-de-Rozet (Saint-Pardoux-Lavaud) le 15 septembre 1867 fils de Jean-Baptiste LAMOULINE, ma\u00e7on et de Marie ORLIANGES, cultivatrice \u25d9 En 1892, Mathieu travaille \u00e0 Versailles (78); il loge 39, rue de Montreuil, puis \u00e0 Clichy (92), 18, rue des Chasses\u00a0; en 1894, ..<\/p>\n<div class=\"clear-fix\"><\/div>\n<p><a href=\"https:\/\/www.lesmaconsdelacreuse.fr\/annuaires\/lettre-l\/l_265\/\" title=\"Lire la suite...\">Lire la suite<\/a><\/p>\n","protected":false},"author":6,"featured_media":0,"comment_status":"closed","ping_status":"closed","sticky":false,"template":"","format":"standard","meta":{"_acf_changed":false,"_exactmetrics_skip_tracking":false,"_exactmetrics_sitenote_active":false,"_exactmetrics_sitenote_note":"","_exactmetrics_sitenote_category":0,"footnotes":""},"categories":[19],"tags":[],"class_list":["post-5823","post","type-post","status-publish","format-standard","hentry","category-lettre-l"],"acf":[],"_links":{"self":[{"href":"https:\/\/www.lesmaconsdelacreuse.fr\/annuaires\/wp-json\/wp\/v2\/posts\/5823","targetHints":{"allow":["GET"]}}],"collection":[{"href":"https:\/\/www.lesmaconsdelacreuse.fr\/annuaires\/wp-json\/wp\/v2\/posts"}],"about":[{"href":"https:\/\/www.lesmaconsdelacreuse.fr\/annuaires\/wp-json\/wp\/v2\/types\/post"}],"author":[{"embeddable":true,"href":"https:\/\/www.lesmaconsdelacreuse.fr\/annuaires\/wp-json\/wp\/v2\/users\/6"}],"replies":[{"embeddable":true,"href":"https:\/\/www.lesmaconsdelacreuse.fr\/annuaires\/wp-json\/wp\/v2\/comments?post=5823"}],"version-history":[{"count":0,"href":"https:\/\/www.lesmaconsdelacreuse.fr\/annuaires\/wp-json\/wp\/v2\/posts\/5823\/revisions"}],"wp:attachment":[{"href":"https:\/\/www.lesmaconsdelacreuse.fr\/annuaires\/wp-json\/wp\/v2\/media?parent=5823"}],"wp:term":[{"taxonomy":"category","embeddable":true,"href":"https:\/\/www.lesmaconsdelacreuse.fr\/annuaires\/wp-json\/wp\/v2\/categories?post=5823"},{"taxonomy":"post_tag","embeddable":true,"href":"https:\/\/www.lesmaconsdelacreuse.fr\/annuaires\/wp-json\/wp\/v2\/tags?post=5823"}],"curies":[{"name":"wp","href":"https:\/\/api.w.org\/{rel}","templated":true}]}}