{"id":5826,"date":"2019-07-28T13:44:03","date_gmt":"2019-07-28T11:44:03","guid":{"rendered":"http:\/\/lesmaconsdelacreuse.fr\/annuaire\/?p=5826"},"modified":"2020-01-20T11:26:16","modified_gmt":"2020-01-20T10:26:16","slug":"l_267","status":"publish","type":"post","link":"https:\/\/www.lesmaconsdelacreuse.fr\/annuaires\/lettre-l\/l_267\/","title":{"rendered":"LAMOUREUX Fran\u00e7ois (vers 1772-1832)"},"content":{"rendered":"<p class=\"last-updated\"><strong>Mis \u00e0 jour le :<\/strong> 25\/04\/2026<\/p><h2 style=\"text-align: center;\"><strong>Fran\u00e7ois LAMOUREUX<\/strong><\/h2>\n<p style=\"text-align: center;\"><strong>vers 1772 \u2013 1832<\/strong><\/p>\n<p style=\"text-align: center;\"><img decoding=\"async\" title=\"\" src=\"https:\/\/lesmaconsdelacreuse.fr\/annuaire\/wp-content\/uploads\/2019\/07\/image1-1341.jpg\" alt=\"\" data-source-id=\"i.0\" data-asset-id=\"5824\" \/><\/p>\n<h4 style=\"text-align: center;\"><span style=\"color: #008000;\"><strong>ma\u00e7on <\/strong>et <strong>cultivateur<\/strong><\/span><\/h4>\n<p style=\"text-align: center;\">n\u00e9 \u00e0 Buze (Saint-Pardoux-Lavaud)\u00a0?<\/p>\n<p style=\"text-align: center;\">vers 1772<\/p>\n<p style=\"text-align: center;\">fils de<\/p>\n<p style=\"text-align: center;\">Jean LAMOUREUX, <span style=\"color: #008000;\"><strong>ma\u00e7on <\/strong><\/span><strong>\/ <\/strong>Marie DUFOUR<\/p>\n<p style=\"text-align: center;\">laboureurs<\/p>\n<p style=\"text-align: center;\"><span style=\"color: #ffffff;\">\u25d9<\/span><\/p>\n<p><em>Fran\u00e7ois \u00e9pouse Marie <\/em><strong>LABROLLE<\/strong><em> le 25 f\u00e9vrier <\/em><strong>1793<\/strong><em> \u00e0 Saint-Pardoux (contrat Dumasfaure \u00e0 Saint-Martin-Ch\u00e2teau) . Ils habitent Buze.<\/em><\/p>\n<p><em> Ils y d\u00e9c\u00e8dent\u00a0:<\/em><\/p>\n<ul>\n<li><em>Marie, le 3 d\u00e9cembre <\/em><strong>1826<\/strong><em>, \u00e2g\u00e9e de 53 ans<\/em><\/li>\n<li><em>Fran\u00e7ois, le 18 septembre <\/em><strong>1832<\/strong><em>, \u00e2g\u00e9 de 60 ans environ<\/em><\/li>\n<\/ul>\n","protected":false},"excerpt":{"rendered":"<p>Mis \u00e0 jour le : 25\/04\/2026Fran\u00e7ois LAMOUREUX vers 1772 \u2013 1832 ma\u00e7on et cultivateur n\u00e9 \u00e0 Buze (Saint-Pardoux-Lavaud)\u00a0? vers 1772 fils de Jean LAMOUREUX, ma\u00e7on \/ Marie DUFOUR laboureurs \u25d9 Fran\u00e7ois \u00e9pouse Marie LABROLLE le 25 f\u00e9vrier 1793 \u00e0 Saint-Pardoux (contrat Dumasfaure \u00e0 Saint-Martin-Ch\u00e2teau) . Ils habitent Buze. Ils y d\u00e9c\u00e8dent\u00a0: Marie, le 3 d\u00e9cembre ..<\/p>\n<div class=\"clear-fix\"><\/div>\n<p><a href=\"https:\/\/www.lesmaconsdelacreuse.fr\/annuaires\/lettre-l\/l_267\/\" title=\"Lire la suite...\">Lire la suite<\/a><\/p>\n","protected":false},"author":6,"featured_media":0,"comment_status":"closed","ping_status":"closed","sticky":false,"template":"","format":"standard","meta":{"_acf_changed":false,"_exactmetrics_skip_tracking":false,"_exactmetrics_sitenote_active":false,"_exactmetrics_sitenote_note":"","_exactmetrics_sitenote_category":0,"footnotes":""},"categories":[19],"tags":[],"class_list":["post-5826","post","type-post","status-publish","format-standard","hentry","category-lettre-l"],"acf":[],"_links":{"self":[{"href":"https:\/\/www.lesmaconsdelacreuse.fr\/annuaires\/wp-json\/wp\/v2\/posts\/5826","targetHints":{"allow":["GET"]}}],"collection":[{"href":"https:\/\/www.lesmaconsdelacreuse.fr\/annuaires\/wp-json\/wp\/v2\/posts"}],"about":[{"href":"https:\/\/www.lesmaconsdelacreuse.fr\/annuaires\/wp-json\/wp\/v2\/types\/post"}],"author":[{"embeddable":true,"href":"https:\/\/www.lesmaconsdelacreuse.fr\/annuaires\/wp-json\/wp\/v2\/users\/6"}],"replies":[{"embeddable":true,"href":"https:\/\/www.lesmaconsdelacreuse.fr\/annuaires\/wp-json\/wp\/v2\/comments?post=5826"}],"version-history":[{"count":0,"href":"https:\/\/www.lesmaconsdelacreuse.fr\/annuaires\/wp-json\/wp\/v2\/posts\/5826\/revisions"}],"wp:attachment":[{"href":"https:\/\/www.lesmaconsdelacreuse.fr\/annuaires\/wp-json\/wp\/v2\/media?parent=5826"}],"wp:term":[{"taxonomy":"category","embeddable":true,"href":"https:\/\/www.lesmaconsdelacreuse.fr\/annuaires\/wp-json\/wp\/v2\/categories?post=5826"},{"taxonomy":"post_tag","embeddable":true,"href":"https:\/\/www.lesmaconsdelacreuse.fr\/annuaires\/wp-json\/wp\/v2\/tags?post=5826"}],"curies":[{"name":"wp","href":"https:\/\/api.w.org\/{rel}","templated":true}]}}