{"id":5830,"date":"2019-07-28T13:44:03","date_gmt":"2019-07-28T11:44:03","guid":{"rendered":"http:\/\/lesmaconsdelacreuse.fr\/annuaire\/?p=5830"},"modified":"2020-01-20T11:26:16","modified_gmt":"2020-01-20T10:26:16","slug":"l_257","status":"publish","type":"post","link":"https:\/\/www.lesmaconsdelacreuse.fr\/annuaires\/lettre-l\/l_257\/","title":{"rendered":"LAMOULINE Fran\u00e7ois (1888-1959)"},"content":{"rendered":"<p class=\"last-updated\"><strong>Mis \u00e0 jour le :<\/strong> 25\/04\/2026<\/p><h2 style=\"text-align: center;\"><strong>Fran\u00e7ois LAMOULINE<\/strong><\/h2>\n<p style=\"text-align: center;\"><strong>1888 \u2013 1959<\/strong><\/p>\n<p style=\"text-align: center;\"><img loading=\"lazy\" decoding=\"async\" class=\"\" title=\"\" src=\"https:\/\/lesmaconsdelacreuse.fr\/annuaire\/wp-content\/uploads\/2019\/07\/image1-1342.jpg\" alt=\"\" width=\"280\" height=\"87\" data-source-id=\"i.0\" data-asset-id=\"5825\" \/><\/p>\n<h4 style=\"text-align: center;\"><span style=\"color: #008000;\"><strong>ma\u00e7on <\/strong>et <strong>propri\u00e9taire cultivateur<\/strong><\/span><\/h4>\n<p style=\"text-align: center;\">n\u00e9 \u00e0 Murat (Saint-Dizier-Leyrenne)<\/p>\n<p style=\"text-align: center;\">le 15 d\u00e9cembre 1888<\/p>\n<p style=\"text-align: center;\">fils de<\/p>\n<p style=\"text-align: center;\">Jean \u00c9mile LAMOULINE \/ L\u00e9onarde Marie MOREAU<\/p>\n<p style=\"text-align: center;\">cultivateurs<\/p>\n<p style=\"text-align: center;\"><span style=\"color: #ffffff;\">\u25d9<\/span><\/p>\n<p><strong>En 1912<\/strong><em>, Fran\u00e7ois travaille \u00e0 <\/em><span style=\"color: #0000ff;\"><strong>Paris (75)<\/strong><\/span><em> et loge 38, rue Mouffetard, 5e arrondissement.<\/em><\/p>\n<p><em>Il \u00e9pouse Eug\u00e9nie Germaine <\/em><strong>MAURY<\/strong><em> le 15 f\u00e9vrier <\/em><strong>1913<\/strong> <em>\u00e0 Saint-Pierre-le-Bost (contrat Va\u00efsse \u00e0 Bourganeuf). Ils habitent La Borderie, m\u00eame commune.<\/em><\/p>\n<p><em>En juillet de la m\u00eame ann\u00e9e, Fran\u00e7ois, de retour \u00e0 Paris, loge 35, rue Mouffetard.<\/em><\/p>\n<p><em>Les \u00e9poux d\u00e9c\u00e8dent\u00a0\u00e0 La Borderie\u00a0:<\/em><\/p>\n<ul>\n<li><em>Fran\u00e7ois, le 21 d\u00e9cembre <\/em><strong>1959<\/strong><em>, \u00e2g\u00e9 de 71 ans<\/em><\/li>\n<li><em>Eug\u00e9nie, le 19 juin <\/em><strong>1977<\/strong><em>, \u00e2g\u00e9e de 85 ans<\/em><\/li>\n<\/ul>\n<p>&nbsp;<\/p>\n","protected":false},"excerpt":{"rendered":"<p>Mis \u00e0 jour le : 25\/04\/2026Fran\u00e7ois LAMOULINE 1888 \u2013 1959 ma\u00e7on et propri\u00e9taire cultivateur n\u00e9 \u00e0 Murat (Saint-Dizier-Leyrenne) le 15 d\u00e9cembre 1888 fils de Jean \u00c9mile LAMOULINE \/ L\u00e9onarde Marie MOREAU cultivateurs \u25d9 En 1912, Fran\u00e7ois travaille \u00e0 Paris (75) et loge 38, rue Mouffetard, 5e arrondissement. Il \u00e9pouse Eug\u00e9nie Germaine MAURY le 15 f\u00e9vrier ..<\/p>\n<div class=\"clear-fix\"><\/div>\n<p><a href=\"https:\/\/www.lesmaconsdelacreuse.fr\/annuaires\/lettre-l\/l_257\/\" title=\"Lire la suite...\">Lire la suite<\/a><\/p>\n","protected":false},"author":6,"featured_media":0,"comment_status":"closed","ping_status":"closed","sticky":false,"template":"","format":"standard","meta":{"_acf_changed":false,"_exactmetrics_skip_tracking":false,"_exactmetrics_sitenote_active":false,"_exactmetrics_sitenote_note":"","_exactmetrics_sitenote_category":0,"footnotes":""},"categories":[19],"tags":[],"class_list":["post-5830","post","type-post","status-publish","format-standard","hentry","category-lettre-l"],"acf":[],"_links":{"self":[{"href":"https:\/\/www.lesmaconsdelacreuse.fr\/annuaires\/wp-json\/wp\/v2\/posts\/5830","targetHints":{"allow":["GET"]}}],"collection":[{"href":"https:\/\/www.lesmaconsdelacreuse.fr\/annuaires\/wp-json\/wp\/v2\/posts"}],"about":[{"href":"https:\/\/www.lesmaconsdelacreuse.fr\/annuaires\/wp-json\/wp\/v2\/types\/post"}],"author":[{"embeddable":true,"href":"https:\/\/www.lesmaconsdelacreuse.fr\/annuaires\/wp-json\/wp\/v2\/users\/6"}],"replies":[{"embeddable":true,"href":"https:\/\/www.lesmaconsdelacreuse.fr\/annuaires\/wp-json\/wp\/v2\/comments?post=5830"}],"version-history":[{"count":0,"href":"https:\/\/www.lesmaconsdelacreuse.fr\/annuaires\/wp-json\/wp\/v2\/posts\/5830\/revisions"}],"wp:attachment":[{"href":"https:\/\/www.lesmaconsdelacreuse.fr\/annuaires\/wp-json\/wp\/v2\/media?parent=5830"}],"wp:term":[{"taxonomy":"category","embeddable":true,"href":"https:\/\/www.lesmaconsdelacreuse.fr\/annuaires\/wp-json\/wp\/v2\/categories?post=5830"},{"taxonomy":"post_tag","embeddable":true,"href":"https:\/\/www.lesmaconsdelacreuse.fr\/annuaires\/wp-json\/wp\/v2\/tags?post=5830"}],"curies":[{"name":"wp","href":"https:\/\/api.w.org\/{rel}","templated":true}]}}