{"id":5831,"date":"2019-07-28T13:44:02","date_gmt":"2019-07-28T11:44:02","guid":{"rendered":"http:\/\/lesmaconsdelacreuse.fr\/annuaire\/?p=5831"},"modified":"2020-10-11T14:30:22","modified_gmt":"2020-10-11T12:30:22","slug":"l_275","status":"publish","type":"post","link":"https:\/\/www.lesmaconsdelacreuse.fr\/annuaires\/lettre-l\/l_275\/","title":{"rendered":"LAMY L\u00e9onard (vers 1711-1786)"},"content":{"rendered":"<p class=\"last-updated\"><strong>Mis \u00e0 jour le :<\/strong> 25\/04\/2026<\/p><h2 style=\"text-align: center;\"><strong>L\u00e9onard LAMY<\/strong><\/h2>\n<p style=\"text-align: center;\"><strong>vers 1711 \u2013 1786<\/strong><\/p>\n<p style=\"text-align: center;\"><img decoding=\"async\" title=\"\" src=\"https:\/\/lesmaconsdelacreuse.fr\/annuaire\/wp-content\/uploads\/2019\/07\/image1-1343.jpg\" alt=\"\" data-source-id=\"i.0\" data-asset-id=\"5828\" \/><\/p>\n<h4 style=\"text-align: center;\"><span style=\"color: #008000;\"><strong>ma\u00e7on<\/strong>; <strong>laboureur <\/strong>et<strong> \u25ba<a href=\"https:\/\/www.lesmaconsdelacreuse.fr\/annuaires\/wp-content\/uploads\/2020\/08\/FERMIER-M\u00c9TAYER.png\" target=\"_blank\" rel=\"noopener noreferrer\"><span style=\"color: #008000;\">m\u00e9tayer<\/span><\/a><br \/>\n<\/strong><\/span><\/h4>\n<p>&nbsp;<\/p>\n<p style=\"text-align: center;\">n\u00e9 \u00e0 Lansade (Saint-Martin-Ch\u00e2teau)\u00a0?<\/p>\n<p style=\"text-align: center;\">vers 1711<\/p>\n<p style=\"text-align: center;\"><span style=\"color: #ffffff;\">\u25d9<\/span><\/p>\n<p><em>L\u00e9onard \u00e9pouse Catherine <\/em><strong>PR\u00c9BOST<\/strong><em> le 10 janvier <\/em><strong>1735<\/strong><em> \u00e0 Saint-Martin.<\/em><\/p>\n<p><em> Ils habitent Le Monteil, m\u00eame paroisse, o\u00f9 d\u00e9c\u00e8de Catherine le 23 juillet <\/em><strong>1754<\/strong>,<em> \u00e2g\u00e9e de 30 ans environ. <\/em><\/p>\n<p><em>L\u00e9onard se remarie le 10 f\u00e9vrier <\/em><strong>1755<\/strong><em> \u00e0 Saint-Martin avec Th\u00e9r\u00e8se <\/em><strong>QUINTANE<\/strong><em>, veuve de Fran\u00e7ois DESTIENNE, ma\u00e7on. Ils habitent La Seauve.<\/em><\/p>\n<p><em> Ils y d\u00e9c\u00e8dent\u00a0:<\/em><\/p>\n<ul>\n<li><em>Th\u00e9r\u00e8se, le 26 mai <\/em><strong>1778<\/strong><em>, \u00e2g\u00e9e de 57 ans environ<\/em><\/li>\n<li><em>L\u00e9onard, le 13 d\u00e9cembre <\/em><strong>1786<\/strong><em>, \u00e2g\u00e9 de 75 ans environ<\/em><\/li>\n<\/ul>\n<p>&nbsp;<\/p>\n","protected":false},"excerpt":{"rendered":"<p>Mis \u00e0 jour le : 25\/04\/2026L\u00e9onard LAMY vers 1711 \u2013 1786 ma\u00e7on; laboureur et \u25bam\u00e9tayer &nbsp; n\u00e9 \u00e0 Lansade (Saint-Martin-Ch\u00e2teau)\u00a0? vers 1711 \u25d9 L\u00e9onard \u00e9pouse Catherine PR\u00c9BOST le 10 janvier 1735 \u00e0 Saint-Martin. Ils habitent Le Monteil, m\u00eame paroisse, o\u00f9 d\u00e9c\u00e8de Catherine le 23 juillet 1754, \u00e2g\u00e9e de 30 ans environ. L\u00e9onard se remarie le ..<\/p>\n<div class=\"clear-fix\"><\/div>\n<p><a href=\"https:\/\/www.lesmaconsdelacreuse.fr\/annuaires\/lettre-l\/l_275\/\" title=\"Lire la suite...\">Lire la suite<\/a><\/p>\n","protected":false},"author":6,"featured_media":0,"comment_status":"closed","ping_status":"closed","sticky":false,"template":"","format":"standard","meta":{"_acf_changed":false,"_exactmetrics_skip_tracking":false,"_exactmetrics_sitenote_active":false,"_exactmetrics_sitenote_note":"","_exactmetrics_sitenote_category":0,"footnotes":""},"categories":[19],"tags":[],"class_list":["post-5831","post","type-post","status-publish","format-standard","hentry","category-lettre-l"],"acf":[],"_links":{"self":[{"href":"https:\/\/www.lesmaconsdelacreuse.fr\/annuaires\/wp-json\/wp\/v2\/posts\/5831","targetHints":{"allow":["GET"]}}],"collection":[{"href":"https:\/\/www.lesmaconsdelacreuse.fr\/annuaires\/wp-json\/wp\/v2\/posts"}],"about":[{"href":"https:\/\/www.lesmaconsdelacreuse.fr\/annuaires\/wp-json\/wp\/v2\/types\/post"}],"author":[{"embeddable":true,"href":"https:\/\/www.lesmaconsdelacreuse.fr\/annuaires\/wp-json\/wp\/v2\/users\/6"}],"replies":[{"embeddable":true,"href":"https:\/\/www.lesmaconsdelacreuse.fr\/annuaires\/wp-json\/wp\/v2\/comments?post=5831"}],"version-history":[{"count":0,"href":"https:\/\/www.lesmaconsdelacreuse.fr\/annuaires\/wp-json\/wp\/v2\/posts\/5831\/revisions"}],"wp:attachment":[{"href":"https:\/\/www.lesmaconsdelacreuse.fr\/annuaires\/wp-json\/wp\/v2\/media?parent=5831"}],"wp:term":[{"taxonomy":"category","embeddable":true,"href":"https:\/\/www.lesmaconsdelacreuse.fr\/annuaires\/wp-json\/wp\/v2\/categories?post=5831"},{"taxonomy":"post_tag","embeddable":true,"href":"https:\/\/www.lesmaconsdelacreuse.fr\/annuaires\/wp-json\/wp\/v2\/tags?post=5831"}],"curies":[{"name":"wp","href":"https:\/\/api.w.org\/{rel}","templated":true}]}}