{"id":5845,"date":"2019-07-28T13:43:44","date_gmt":"2019-07-28T11:43:44","guid":{"rendered":"http:\/\/lesmaconsdelacreuse.fr\/annuaire\/?p=5845"},"modified":"2020-09-30T09:35:08","modified_gmt":"2020-09-30T07:35:08","slug":"l_389","status":"publish","type":"post","link":"https:\/\/www.lesmaconsdelacreuse.fr\/annuaires\/lettre-l\/l_389\/","title":{"rendered":"LAPLUME L\u00e9onard (1754-entre 1790 et 1803)"},"content":{"rendered":"<p class=\"last-updated\"><strong>Mis \u00e0 jour le :<\/strong> 25\/04\/2026<\/p><h2 style=\"text-align: center;\"><strong>L\u00e9onard LAPLUME<\/strong><\/h2>\n<p style=\"text-align: center;\"><strong>1754 \u2013 entre 1790 et 1803<\/strong><\/p>\n<p style=\"text-align: center;\"><img decoding=\"async\" title=\"\" src=\"https:\/\/lesmaconsdelacreuse.fr\/annuaire\/wp-content\/uploads\/2019\/07\/image1-1348.jpg\" alt=\"\" data-source-id=\"i.0\" data-asset-id=\"5843\" \/><\/p>\n<h4 style=\"text-align: center;\"><span style=\"color: #008000;\"><strong>ma\u00e7on<\/strong> et <a href=\"https:\/\/www.lesmaconsdelacreuse.fr\/annuaires\/wp-content\/uploads\/2019\/07\/1740-Prix-fait-\u00e0-Gabriel-QUEYRAT-1.jpg\"><strong>\u25ba<\/strong><\/a><a href=\"https:\/\/www.lesmaconsdelacreuse.fr\/annuaires\/wp-content\/uploads\/2020\/08\/CHARPENTIER.png\" target=\"_blank\" rel=\"noopener noreferrer\"><strong><span style=\"color: #008000;\">charpentier<\/span><\/strong><\/a>; laboureur<\/span><\/h4>\n<p>&nbsp;<\/p>\n<p style=\"text-align: center;\">n\u00e9 au bourg de Saint-Moreil<\/p>\n<p style=\"text-align: center;\">le 13 f\u00e9vrier 1754<\/p>\n<p style=\"text-align: center;\">fils de<\/p>\n<p style=\"text-align: center;\">Jean LAPLUME \/ Jeanne PRATIQUE<\/p>\n<p style=\"text-align: center;\">laboureurs<\/p>\n<p style=\"text-align: center;\"><span style=\"color: #ffffff;\">\u25d9<\/span><\/p>\n<p><em>L\u00e9onard \u00e9pouse Marie <\/em><strong>TRUFFY<\/strong><em> le 7 f\u00e9vrier <\/em><strong>1774<\/strong><em> \u00e0 Saint-Martin-Ch\u00e2teau.<\/em><\/p>\n<p><em>Ils habitent Le Tourtoulloux, puis Pont, m\u00eame paroisse, o\u00f9 d\u00e9c\u00e8de Marie le 9 f\u00e9vrier <\/em><strong>1782<\/strong><em>, \u00e2g\u00e9e de 23 ans. <\/em><\/p>\n<p><em>L\u00e9onard se remarie le 22 septembre de la m\u00eame ann\u00e9e \u00e0 Saint-Martin avec Fran\u00e7oise <\/em><strong>PERRIER<\/strong><em>. <\/em><\/p>\n<p><em>Fran\u00e7oise d\u00e9c\u00e8de veuve \u00e0 Prasinat le 27 f\u00e9vrier <\/em><strong>1821<\/strong><em>, \u00e2g\u00e9e de 71 ans environ. <\/em><\/p>\n<p>&nbsp;<\/p>\n","protected":false},"excerpt":{"rendered":"<p>Mis \u00e0 jour le : 25\/04\/2026L\u00e9onard LAPLUME 1754 \u2013 entre 1790 et 1803 ma\u00e7on et \u25bacharpentier; laboureur &nbsp; n\u00e9 au bourg de Saint-Moreil le 13 f\u00e9vrier 1754 fils de Jean LAPLUME \/ Jeanne PRATIQUE laboureurs \u25d9 L\u00e9onard \u00e9pouse Marie TRUFFY le 7 f\u00e9vrier 1774 \u00e0 Saint-Martin-Ch\u00e2teau. Ils habitent Le Tourtoulloux, puis Pont, m\u00eame paroisse, o\u00f9 ..<\/p>\n<div class=\"clear-fix\"><\/div>\n<p><a href=\"https:\/\/www.lesmaconsdelacreuse.fr\/annuaires\/lettre-l\/l_389\/\" title=\"Lire la suite...\">Lire la suite<\/a><\/p>\n","protected":false},"author":6,"featured_media":0,"comment_status":"closed","ping_status":"closed","sticky":false,"template":"","format":"standard","meta":{"_acf_changed":false,"_exactmetrics_skip_tracking":false,"_exactmetrics_sitenote_active":false,"_exactmetrics_sitenote_note":"","_exactmetrics_sitenote_category":0,"footnotes":""},"categories":[19],"tags":[],"class_list":["post-5845","post","type-post","status-publish","format-standard","hentry","category-lettre-l"],"acf":[],"_links":{"self":[{"href":"https:\/\/www.lesmaconsdelacreuse.fr\/annuaires\/wp-json\/wp\/v2\/posts\/5845","targetHints":{"allow":["GET"]}}],"collection":[{"href":"https:\/\/www.lesmaconsdelacreuse.fr\/annuaires\/wp-json\/wp\/v2\/posts"}],"about":[{"href":"https:\/\/www.lesmaconsdelacreuse.fr\/annuaires\/wp-json\/wp\/v2\/types\/post"}],"author":[{"embeddable":true,"href":"https:\/\/www.lesmaconsdelacreuse.fr\/annuaires\/wp-json\/wp\/v2\/users\/6"}],"replies":[{"embeddable":true,"href":"https:\/\/www.lesmaconsdelacreuse.fr\/annuaires\/wp-json\/wp\/v2\/comments?post=5845"}],"version-history":[{"count":0,"href":"https:\/\/www.lesmaconsdelacreuse.fr\/annuaires\/wp-json\/wp\/v2\/posts\/5845\/revisions"}],"wp:attachment":[{"href":"https:\/\/www.lesmaconsdelacreuse.fr\/annuaires\/wp-json\/wp\/v2\/media?parent=5845"}],"wp:term":[{"taxonomy":"category","embeddable":true,"href":"https:\/\/www.lesmaconsdelacreuse.fr\/annuaires\/wp-json\/wp\/v2\/categories?post=5845"},{"taxonomy":"post_tag","embeddable":true,"href":"https:\/\/www.lesmaconsdelacreuse.fr\/annuaires\/wp-json\/wp\/v2\/tags?post=5845"}],"curies":[{"name":"wp","href":"https:\/\/api.w.org\/{rel}","templated":true}]}}