{"id":5846,"date":"2019-07-28T13:43:42","date_gmt":"2019-07-28T11:43:42","guid":{"rendered":"http:\/\/lesmaconsdelacreuse.fr\/annuaire\/?p=5846"},"modified":"2022-04-08T11:47:51","modified_gmt":"2022-04-08T09:47:51","slug":"l_396","status":"publish","type":"post","link":"https:\/\/www.lesmaconsdelacreuse.fr\/annuaires\/lettre-l\/l_396\/","title":{"rendered":"LAPRADE L\u00e9onard (1835-1906)"},"content":{"rendered":"<p class=\"last-updated\"><strong>Mis \u00e0 jour le :<\/strong> 25\/04\/2026<\/p><h2 style=\"text-align: center;\"><strong>L\u00e9onard LAPRADE<\/strong><\/h2>\n<p style=\"text-align: center;\"><strong>1835 \u2013 1906<\/strong><\/p>\n<h4 style=\"text-align: center;\"><span style=\"color: #008000;\"><strong>ma\u00e7on<\/strong><\/span><\/h4>\n<p>&nbsp;<\/p>\n<p style=\"text-align: center;\">n\u00e9 \u00e0 La Bussi\u00e8re (Saint-Pierre-le-Bost)<\/p>\n<p style=\"text-align: center;\">le 16 octobre 1835<\/p>\n<p style=\"text-align: center;\">fils de<\/p>\n<p style=\"text-align: center;\">L\u00e9onard LAPRADE, <span style=\"color: #008000;\"><strong>ma\u00e7on<\/strong><\/span> et charron<\/p>\n<p style=\"text-align: center;\">Marie GIRAUDON, cultivatrice<\/p>\n<p style=\"text-align: center;\"><span style=\"color: #ffffff;\">\u25d9<\/span><\/p>\n<p><strong>En 1868<\/strong><em><strong>,<\/strong> L\u00e9onard travaille \u00e0 <\/em><span style=\"color: #0000ff;\"><strong>Paris (75)<\/strong><\/span><em> et loge 12, rue Gay-Lussac.<\/em><\/p>\n<p><em>Le 28 juillet de la m\u00eame ann\u00e9e, il \u00e9pouse Lucine <\/em><strong>ROSE<\/strong><em>, <strong>\u25ba<\/strong><a href=\"https:\/\/www.lesmaconsdelacreuse.fr\/annuaires\/wp-content\/uploads\/2020\/08\/LING\u00c8RE.png\" target=\"_blank\" rel=\"noopener noreferrer\">ling\u00e8re<\/a> native de Haute-Sa\u00f4ne, \u00e0 Paris 5e.<\/em><\/p>\n<p><strong>En 1906<\/strong><em>, ils habitent 2, rue Blainville, m\u00eame arrondissement.<\/em><\/p>\n<p><em>\u00a0<\/em><em>L\u00e9onard y d\u00e9c\u00e8de le 21 octobre de la m\u00eame ann\u00e9e, \u00e2g\u00e9 de 71 ans.<\/em><\/p>\n<p>&nbsp;<\/p>\n","protected":false},"excerpt":{"rendered":"<p>Mis \u00e0 jour le : 25\/04\/2026L\u00e9onard LAPRADE 1835 \u2013 1906 ma\u00e7on &nbsp; n\u00e9 \u00e0 La Bussi\u00e8re (Saint-Pierre-le-Bost) le 16 octobre 1835 fils de L\u00e9onard LAPRADE, ma\u00e7on et charron Marie GIRAUDON, cultivatrice \u25d9 En 1868, L\u00e9onard travaille \u00e0 Paris (75) et loge 12, rue Gay-Lussac. Le 28 juillet de la m\u00eame ann\u00e9e, il \u00e9pouse Lucine ROSE, ..<\/p>\n<div class=\"clear-fix\"><\/div>\n<p><a href=\"https:\/\/www.lesmaconsdelacreuse.fr\/annuaires\/lettre-l\/l_396\/\" title=\"Lire la suite...\">Lire la suite<\/a><\/p>\n","protected":false},"author":6,"featured_media":0,"comment_status":"closed","ping_status":"closed","sticky":false,"template":"","format":"standard","meta":{"_acf_changed":false,"_exactmetrics_skip_tracking":false,"_exactmetrics_sitenote_active":false,"_exactmetrics_sitenote_note":"","_exactmetrics_sitenote_category":0,"footnotes":""},"categories":[19],"tags":[],"class_list":["post-5846","post","type-post","status-publish","format-standard","hentry","category-lettre-l"],"acf":[],"_links":{"self":[{"href":"https:\/\/www.lesmaconsdelacreuse.fr\/annuaires\/wp-json\/wp\/v2\/posts\/5846","targetHints":{"allow":["GET"]}}],"collection":[{"href":"https:\/\/www.lesmaconsdelacreuse.fr\/annuaires\/wp-json\/wp\/v2\/posts"}],"about":[{"href":"https:\/\/www.lesmaconsdelacreuse.fr\/annuaires\/wp-json\/wp\/v2\/types\/post"}],"author":[{"embeddable":true,"href":"https:\/\/www.lesmaconsdelacreuse.fr\/annuaires\/wp-json\/wp\/v2\/users\/6"}],"replies":[{"embeddable":true,"href":"https:\/\/www.lesmaconsdelacreuse.fr\/annuaires\/wp-json\/wp\/v2\/comments?post=5846"}],"version-history":[{"count":2,"href":"https:\/\/www.lesmaconsdelacreuse.fr\/annuaires\/wp-json\/wp\/v2\/posts\/5846\/revisions"}],"predecessor-version":[{"id":197287,"href":"https:\/\/www.lesmaconsdelacreuse.fr\/annuaires\/wp-json\/wp\/v2\/posts\/5846\/revisions\/197287"}],"wp:attachment":[{"href":"https:\/\/www.lesmaconsdelacreuse.fr\/annuaires\/wp-json\/wp\/v2\/media?parent=5846"}],"wp:term":[{"taxonomy":"category","embeddable":true,"href":"https:\/\/www.lesmaconsdelacreuse.fr\/annuaires\/wp-json\/wp\/v2\/categories?post=5846"},{"taxonomy":"post_tag","embeddable":true,"href":"https:\/\/www.lesmaconsdelacreuse.fr\/annuaires\/wp-json\/wp\/v2\/tags?post=5846"}],"curies":[{"name":"wp","href":"https:\/\/api.w.org\/{rel}","templated":true}]}}