{"id":6024,"date":"2019-07-28T13:42:25","date_gmt":"2019-07-28T11:42:25","guid":{"rendered":"http:\/\/lesmaconsdelacreuse.fr\/annuaire\/?p=6024"},"modified":"2020-01-20T11:26:38","modified_gmt":"2020-01-20T10:26:38","slug":"l_327","status":"publish","type":"post","link":"https:\/\/www.lesmaconsdelacreuse.fr\/annuaires\/lettre-l\/l_327\/","title":{"rendered":"LANDON Jean-Baptiste (1806-1876)"},"content":{"rendered":"<p class=\"last-updated\"><strong>Mis \u00e0 jour le :<\/strong> 25\/04\/2026<\/p><h2 style=\"text-align: center;\"><strong>Jean-Baptiste LANDON<\/strong><\/h2>\n<p style=\"text-align: center;\"><strong>1806 \u2013 1876<\/strong><\/p>\n<p style=\"text-align: center;\"><img decoding=\"async\" title=\"\" src=\"https:\/\/lesmaconsdelacreuse.fr\/annuaire\/wp-content\/uploads\/2019\/07\/image1-1417.jpg\" alt=\"\" data-source-id=\"i.0\" data-asset-id=\"6020\" \/><\/p>\n<h4 style=\"text-align: center;\"><span style=\"color: #008000;\"><strong>ma\u00e7on <\/strong>et <strong>propri\u00e9taire cultivateur<\/strong><\/span><\/h4>\n<p style=\"text-align: center;\">n\u00e9 \u00e0 La Parade (Le Compeix)<\/p>\n<p style=\"text-align: center;\">le 17 prairial an XIV (6 juin 1806)<\/p>\n<p style=\"text-align: center;\">fils de<\/p>\n<p style=\"text-align: center;\">Gabriel LANDON,<span style=\"color: #008000;\"><strong> ma\u00e7on<\/strong><\/span><\/p>\n<p style=\"text-align: center;\">Marie FARGES, cultivatrice<\/p>\n<p style=\"text-align: center;\"><span style=\"color: #ffffff;\">\u25d9<\/span><\/p>\n<p><em>Jean-Baptiste \u00e9pouse Marie <\/em><strong>MOURNAUD<\/strong><em> le 6 mars <\/em><strong>1827<\/strong><em> \u00e0 Saint-Pierre-le-Bost (contrat Lepetit au Monteil-au-Vicomte). Ils habitent La Parade. <\/em><\/p>\n<p><strong>En 1833 et 1835<\/strong><em>, Jean-Baptiste travaille \u00e0 <\/em><span style=\"color: #0000ff;\"><strong>Lyon (69)<\/strong><\/span><em>.<\/em><\/p>\n<p><strong>En 1856<\/strong><em>, il loge 17, rue Paradis.<\/em><\/p>\n<p><em>Les \u00e9poux d\u00e9c\u00e8dent \u00e0 La Parade, \u00e2g\u00e9s tous deux de 69 ans:<\/em><\/p>\n<ul>\n<li><em>Jean-Baptiste, le 26 janvier <\/em><strong>1876<\/strong><\/li>\n<li><em>Marie, le 24 mai <\/em><strong>1879<\/strong><\/li>\n<\/ul>\n","protected":false},"excerpt":{"rendered":"<p>Mis \u00e0 jour le : 25\/04\/2026Jean-Baptiste LANDON 1806 \u2013 1876 ma\u00e7on et propri\u00e9taire cultivateur n\u00e9 \u00e0 La Parade (Le Compeix) le 17 prairial an XIV (6 juin 1806) fils de Gabriel LANDON, ma\u00e7on Marie FARGES, cultivatrice \u25d9 Jean-Baptiste \u00e9pouse Marie MOURNAUD le 6 mars 1827 \u00e0 Saint-Pierre-le-Bost (contrat Lepetit au Monteil-au-Vicomte). Ils habitent La Parade. ..<\/p>\n<div class=\"clear-fix\"><\/div>\n<p><a href=\"https:\/\/www.lesmaconsdelacreuse.fr\/annuaires\/lettre-l\/l_327\/\" title=\"Lire la suite...\">Lire la suite<\/a><\/p>\n","protected":false},"author":6,"featured_media":0,"comment_status":"closed","ping_status":"closed","sticky":false,"template":"","format":"standard","meta":{"_acf_changed":false,"_exactmetrics_skip_tracking":false,"_exactmetrics_sitenote_active":false,"_exactmetrics_sitenote_note":"","_exactmetrics_sitenote_category":0,"footnotes":""},"categories":[19],"tags":[],"class_list":["post-6024","post","type-post","status-publish","format-standard","hentry","category-lettre-l"],"acf":[],"_links":{"self":[{"href":"https:\/\/www.lesmaconsdelacreuse.fr\/annuaires\/wp-json\/wp\/v2\/posts\/6024","targetHints":{"allow":["GET"]}}],"collection":[{"href":"https:\/\/www.lesmaconsdelacreuse.fr\/annuaires\/wp-json\/wp\/v2\/posts"}],"about":[{"href":"https:\/\/www.lesmaconsdelacreuse.fr\/annuaires\/wp-json\/wp\/v2\/types\/post"}],"author":[{"embeddable":true,"href":"https:\/\/www.lesmaconsdelacreuse.fr\/annuaires\/wp-json\/wp\/v2\/users\/6"}],"replies":[{"embeddable":true,"href":"https:\/\/www.lesmaconsdelacreuse.fr\/annuaires\/wp-json\/wp\/v2\/comments?post=6024"}],"version-history":[{"count":0,"href":"https:\/\/www.lesmaconsdelacreuse.fr\/annuaires\/wp-json\/wp\/v2\/posts\/6024\/revisions"}],"wp:attachment":[{"href":"https:\/\/www.lesmaconsdelacreuse.fr\/annuaires\/wp-json\/wp\/v2\/media?parent=6024"}],"wp:term":[{"taxonomy":"category","embeddable":true,"href":"https:\/\/www.lesmaconsdelacreuse.fr\/annuaires\/wp-json\/wp\/v2\/categories?post=6024"},{"taxonomy":"post_tag","embeddable":true,"href":"https:\/\/www.lesmaconsdelacreuse.fr\/annuaires\/wp-json\/wp\/v2\/tags?post=6024"}],"curies":[{"name":"wp","href":"https:\/\/api.w.org\/{rel}","templated":true}]}}