{"id":6029,"date":"2019-07-28T13:42:25","date_gmt":"2019-07-28T11:42:25","guid":{"rendered":"http:\/\/lesmaconsdelacreuse.fr\/annuaire\/?p=6029"},"modified":"2020-01-20T11:26:38","modified_gmt":"2020-01-20T10:26:38","slug":"l_316","status":"publish","type":"post","link":"https:\/\/www.lesmaconsdelacreuse.fr\/annuaires\/lettre-l\/l_316\/","title":{"rendered":"LANDON Jean (1799-1872)"},"content":{"rendered":"<p class=\"last-updated\"><strong>Mis \u00e0 jour le :<\/strong> 25\/04\/2026<\/p><h2 style=\"text-align: center;\"><strong>Jean LANDON<\/strong><\/h2>\n<p style=\"text-align: center;\"><strong>1799 \u2013 1872<\/strong><\/p>\n<p style=\"text-align: center;\"><img decoding=\"async\" title=\"\" src=\"https:\/\/lesmaconsdelacreuse.fr\/annuaire\/wp-content\/uploads\/2019\/07\/image1-1419.jpg\" alt=\"\" data-source-id=\"i.0\" data-asset-id=\"6028\" \/><\/p>\n<h4 style=\"text-align: center;\"><span style=\"color: #008000;\"><strong>ma\u00e7on <\/strong>et <strong>propri\u00e9taire cultivateur<\/strong><\/span><\/h4>\n<p style=\"text-align: center;\">n\u00e9 \u00e0 Augerolles (Saint-Pardoux-Lavaud)<\/p>\n<p style=\"text-align: center;\">le 14 vend\u00e9miaire an VIII (6 octobre 1799)<\/p>\n<p style=\"text-align: center;\">fils de<\/p>\n<p style=\"text-align: center;\">Jean LANDON, <span style=\"color: #008000;\"><strong>ma\u00e7on <\/strong><\/span><strong>\/ <\/strong>Th\u00e9r\u00e8se LEGROS<\/p>\n<p style=\"text-align: center;\">propri\u00e9taires cultivateurs<\/p>\n<p style=\"text-align: center;\"><span style=\"color: #ffffff;\">\u25d9<\/span><\/p>\n<p><em>Jean \u00e9pouse Th\u00e9r\u00e8se <\/em><strong>GERMOUTY<\/strong><em> le 16 f\u00e9vrier <\/em><strong>1824<\/strong> <em>\u00e0 Saint-Pardoux-Lavaud (contrat Berger \u00e0 Bourganeuf).<\/em><\/p>\n<p><em>Ils habitent Lavaud, m\u00eame commune.<\/em><\/p>\n<p><em> Ils y d\u00e9c\u00e8dent\u00a0:<\/em><\/p>\n<ul>\n<li><em>Th\u00e9r\u00e8se, le 6 mars <\/em><strong>1869<\/strong><em>, \u00e2g\u00e9e de 60 ans<\/em><\/li>\n<li><em>Jean, le 2 ao\u00fbt <\/em><strong>1872<\/strong><em>, \u00e2g\u00e9 de 72 ans<\/em><\/li>\n<\/ul>\n","protected":false},"excerpt":{"rendered":"<p>Mis \u00e0 jour le : 25\/04\/2026Jean LANDON 1799 \u2013 1872 ma\u00e7on et propri\u00e9taire cultivateur n\u00e9 \u00e0 Augerolles (Saint-Pardoux-Lavaud) le 14 vend\u00e9miaire an VIII (6 octobre 1799) fils de Jean LANDON, ma\u00e7on \/ Th\u00e9r\u00e8se LEGROS propri\u00e9taires cultivateurs \u25d9 Jean \u00e9pouse Th\u00e9r\u00e8se GERMOUTY le 16 f\u00e9vrier 1824 \u00e0 Saint-Pardoux-Lavaud (contrat Berger \u00e0 Bourganeuf). Ils habitent Lavaud, m\u00eame ..<\/p>\n<div class=\"clear-fix\"><\/div>\n<p><a href=\"https:\/\/www.lesmaconsdelacreuse.fr\/annuaires\/lettre-l\/l_316\/\" title=\"Lire la suite...\">Lire la suite<\/a><\/p>\n","protected":false},"author":6,"featured_media":0,"comment_status":"closed","ping_status":"closed","sticky":false,"template":"","format":"standard","meta":{"_acf_changed":false,"_exactmetrics_skip_tracking":false,"_exactmetrics_sitenote_active":false,"_exactmetrics_sitenote_note":"","_exactmetrics_sitenote_category":0,"footnotes":""},"categories":[19],"tags":[],"class_list":["post-6029","post","type-post","status-publish","format-standard","hentry","category-lettre-l"],"acf":[],"_links":{"self":[{"href":"https:\/\/www.lesmaconsdelacreuse.fr\/annuaires\/wp-json\/wp\/v2\/posts\/6029","targetHints":{"allow":["GET"]}}],"collection":[{"href":"https:\/\/www.lesmaconsdelacreuse.fr\/annuaires\/wp-json\/wp\/v2\/posts"}],"about":[{"href":"https:\/\/www.lesmaconsdelacreuse.fr\/annuaires\/wp-json\/wp\/v2\/types\/post"}],"author":[{"embeddable":true,"href":"https:\/\/www.lesmaconsdelacreuse.fr\/annuaires\/wp-json\/wp\/v2\/users\/6"}],"replies":[{"embeddable":true,"href":"https:\/\/www.lesmaconsdelacreuse.fr\/annuaires\/wp-json\/wp\/v2\/comments?post=6029"}],"version-history":[{"count":0,"href":"https:\/\/www.lesmaconsdelacreuse.fr\/annuaires\/wp-json\/wp\/v2\/posts\/6029\/revisions"}],"wp:attachment":[{"href":"https:\/\/www.lesmaconsdelacreuse.fr\/annuaires\/wp-json\/wp\/v2\/media?parent=6029"}],"wp:term":[{"taxonomy":"category","embeddable":true,"href":"https:\/\/www.lesmaconsdelacreuse.fr\/annuaires\/wp-json\/wp\/v2\/categories?post=6029"},{"taxonomy":"post_tag","embeddable":true,"href":"https:\/\/www.lesmaconsdelacreuse.fr\/annuaires\/wp-json\/wp\/v2\/tags?post=6029"}],"curies":[{"name":"wp","href":"https:\/\/api.w.org\/{rel}","templated":true}]}}