{"id":6038,"date":"2019-07-28T13:42:17","date_gmt":"2019-07-28T11:42:17","guid":{"rendered":"http:\/\/lesmaconsdelacreuse.fr\/annuaire\/?p=6038"},"modified":"2020-09-06T13:56:32","modified_gmt":"2020-09-06T11:56:32","slug":"l_539","status":"publish","type":"post","link":"https:\/\/www.lesmaconsdelacreuse.fr\/annuaires\/lettre-l\/l_539\/","title":{"rendered":"LAUDINAS Martial (vers 1759-1805)"},"content":{"rendered":"<p class=\"last-updated\"><strong>Mis \u00e0 jour le :<\/strong> 25\/04\/2026<\/p><h2 style=\"text-align: center;\"><strong>Martial LAUDINAS<\/strong><\/h2>\n<p style=\"text-align: center;\"><strong>vers 1759 &#8211; 1805<\/strong><\/p>\n<p style=\"text-align: center;\"><a href=\"https:\/\/www.lesmaconsdelacreuse.fr\/annuaires\/wp-content\/uploads\/2020\/07\/ne-sait-pas-signer.jpg\"><img loading=\"lazy\" decoding=\"async\" class=\"alignnone size-full wp-image-174596\" src=\"https:\/\/www.lesmaconsdelacreuse.fr\/annuaires\/wp-content\/uploads\/2020\/07\/ne-sait-pas-signer.jpg\" alt=\"\" width=\"156\" height=\"31\" srcset=\"https:\/\/www.lesmaconsdelacreuse.fr\/annuaires\/wp-content\/uploads\/2020\/07\/ne-sait-pas-signer.jpg 156w, https:\/\/www.lesmaconsdelacreuse.fr\/annuaires\/wp-content\/uploads\/2020\/07\/ne-sait-pas-signer-150x30.jpg 150w\" sizes=\"auto, (max-width: 156px) 100vw, 156px\" \/><\/a><\/p>\n<p>&nbsp;<\/p>\n<p style=\"text-align: center;\">\n<h4 style=\"text-align: center;\"><span style=\"color: #008000;\"><strong>ma\u00e7on<\/strong> et <strong>cultivateur<\/strong><\/span><\/h4>\n<p style=\"text-align: center;\">n\u00e9 \u00e0 Saint-Martin-Ch\u00e2teau\u00a0?<\/p>\n<p style=\"text-align: center;\">vers 1759<\/p>\n<p style=\"text-align: center;\">fils de<\/p>\n<p style=\"text-align: center;\">Martial LAUDINAS \/ Anne TROUSSAUD<\/p>\n<p style=\"text-align: center;\">laboureurs<\/p>\n<p style=\"text-align: center;\"><span style=\"color: #ffffff;\">\u25d9<\/span><\/p>\n<p><strong>Avant 1781<\/strong><em>, Martial \u00e9pouse Catherine <\/em><strong>LAMOUREUX<\/strong> <em>.<\/em><\/p>\n<p><em> Ils habitent Les Bordes, commune de Roy\u00e8re, Linard, commune de Soubrebost, et Buze, commune de Saint-Pardoux-Lavaud. <\/em><\/p>\n<p><em>Ils d\u00e9c\u00e8dent\u00a0:<\/em><\/p>\n<ul>\n<li><em>Catherine, \u00e0 Linard, le 21 f\u00e9vrier <\/em><strong>1803<\/strong><em>, \u00e2g\u00e9e de 41 ans<\/em><\/li>\n<li><em>Martial, au bourg de Pontarion, le 5 flor\u00e9al an XIII (25 avril <\/em><strong>1805<\/strong><em>), \u00e2g\u00e9 de 46 ans environ<\/em><\/li>\n<\/ul>\n<p>&nbsp;<\/p>\n","protected":false},"excerpt":{"rendered":"<p>Mis \u00e0 jour le : 25\/04\/2026Martial LAUDINAS vers 1759 &#8211; 1805 &nbsp; ma\u00e7on et cultivateur n\u00e9 \u00e0 Saint-Martin-Ch\u00e2teau\u00a0? vers 1759 fils de Martial LAUDINAS \/ Anne TROUSSAUD laboureurs \u25d9 Avant 1781, Martial \u00e9pouse Catherine LAMOUREUX . Ils habitent Les Bordes, commune de Roy\u00e8re, Linard, commune de Soubrebost, et Buze, commune de Saint-Pardoux-Lavaud. Ils d\u00e9c\u00e8dent\u00a0: Catherine, ..<\/p>\n<div class=\"clear-fix\"><\/div>\n<p><a href=\"https:\/\/www.lesmaconsdelacreuse.fr\/annuaires\/lettre-l\/l_539\/\" title=\"Lire la suite...\">Lire la suite<\/a><\/p>\n","protected":false},"author":6,"featured_media":0,"comment_status":"closed","ping_status":"closed","sticky":false,"template":"","format":"standard","meta":{"_acf_changed":false,"_exactmetrics_skip_tracking":false,"_exactmetrics_sitenote_active":false,"_exactmetrics_sitenote_note":"","_exactmetrics_sitenote_category":0,"footnotes":""},"categories":[19],"tags":[],"class_list":["post-6038","post","type-post","status-publish","format-standard","hentry","category-lettre-l"],"acf":[],"_links":{"self":[{"href":"https:\/\/www.lesmaconsdelacreuse.fr\/annuaires\/wp-json\/wp\/v2\/posts\/6038","targetHints":{"allow":["GET"]}}],"collection":[{"href":"https:\/\/www.lesmaconsdelacreuse.fr\/annuaires\/wp-json\/wp\/v2\/posts"}],"about":[{"href":"https:\/\/www.lesmaconsdelacreuse.fr\/annuaires\/wp-json\/wp\/v2\/types\/post"}],"author":[{"embeddable":true,"href":"https:\/\/www.lesmaconsdelacreuse.fr\/annuaires\/wp-json\/wp\/v2\/users\/6"}],"replies":[{"embeddable":true,"href":"https:\/\/www.lesmaconsdelacreuse.fr\/annuaires\/wp-json\/wp\/v2\/comments?post=6038"}],"version-history":[{"count":0,"href":"https:\/\/www.lesmaconsdelacreuse.fr\/annuaires\/wp-json\/wp\/v2\/posts\/6038\/revisions"}],"wp:attachment":[{"href":"https:\/\/www.lesmaconsdelacreuse.fr\/annuaires\/wp-json\/wp\/v2\/media?parent=6038"}],"wp:term":[{"taxonomy":"category","embeddable":true,"href":"https:\/\/www.lesmaconsdelacreuse.fr\/annuaires\/wp-json\/wp\/v2\/categories?post=6038"},{"taxonomy":"post_tag","embeddable":true,"href":"https:\/\/www.lesmaconsdelacreuse.fr\/annuaires\/wp-json\/wp\/v2\/tags?post=6038"}],"curies":[{"name":"wp","href":"https:\/\/api.w.org\/{rel}","templated":true}]}}