{"id":6039,"date":"2019-07-28T13:42:17","date_gmt":"2019-07-28T11:42:17","guid":{"rendered":"http:\/\/lesmaconsdelacreuse.fr\/annuaire\/?p=6039"},"modified":"2020-01-20T11:26:39","modified_gmt":"2020-01-20T10:26:39","slug":"l_546","status":"publish","type":"post","link":"https:\/\/www.lesmaconsdelacreuse.fr\/annuaires\/lettre-l\/l_546\/","title":{"rendered":"LAURENT Jean-Baptiste (1899-entre 1925 et 1939)"},"content":{"rendered":"<p class=\"last-updated\"><strong>Mis \u00e0 jour le :<\/strong> 25\/04\/2026<\/p><h2 style=\"text-align: center;\"><strong>Jean-Baptiste LAURENT<\/strong><\/h2>\n<p style=\"text-align: center;\"><strong>Jean-Baptiste Lucien LAURENT<\/strong><\/p>\n<p style=\"text-align: center;\"><strong>1899 \u2013 entre 1925 et 1939<\/strong><\/p>\n<h4 style=\"text-align: center;\"><span style=\"color: #008000;\"><strong>entrepreneur en pl\u00e2trerie<\/strong><\/span><\/h4>\n<p style=\"text-align: center;\">n\u00e9 \u00e0 La Courri\u00e8re (Mansat)<\/p>\n<p style=\"text-align: center;\">le 17 d\u00e9cembre 1899<\/p>\n<p style=\"text-align: center;\">fils de<\/p>\n<p style=\"text-align: center;\">L\u00e9onard LAURENT, <span style=\"color: #008000;\"><strong>ma\u00e7on <\/strong><\/span><strong>\/ <\/strong>Fran\u00e7oise D\u00c9MORAT<\/p>\n<p style=\"text-align: center;\"><span style=\"color: #ffffff;\">\u25d9<\/span><\/p>\n<p><em>Jean-Baptiste habite Le Monteil-au-Vicomte avec ses parents.<\/em><\/p>\n<p><strong>En 1923<\/strong><em><strong>,<\/strong> il est \u00e0 <\/em><span style=\"color: #0000ff;\"><strong>Paris (75)<\/strong><\/span><em>, 4, rue Laplace\u00a0;<\/em><\/p>\n<p><strong>en 1925<\/strong><em>, \u00e0 <\/em><strong><span style=\"color: #0000ff;\">Monchy-au-Bois (62)<\/span>\u00a0<\/strong><em>.<\/em><\/p>\n<p><strong>En 1938<\/strong><em>, il est \u00ab\u00a0entrepreneur de pl\u00e2tre\u00a0\u00bb.<\/em><\/p>\n","protected":false},"excerpt":{"rendered":"<p>Mis \u00e0 jour le : 25\/04\/2026Jean-Baptiste LAURENT Jean-Baptiste Lucien LAURENT 1899 \u2013 entre 1925 et 1939 entrepreneur en pl\u00e2trerie n\u00e9 \u00e0 La Courri\u00e8re (Mansat) le 17 d\u00e9cembre 1899 fils de L\u00e9onard LAURENT, ma\u00e7on \/ Fran\u00e7oise D\u00c9MORAT \u25d9 Jean-Baptiste habite Le Monteil-au-Vicomte avec ses parents. En 1923, il est \u00e0 Paris (75), 4, rue Laplace\u00a0; en ..<\/p>\n<div class=\"clear-fix\"><\/div>\n<p><a href=\"https:\/\/www.lesmaconsdelacreuse.fr\/annuaires\/lettre-l\/l_546\/\" title=\"Lire la suite...\">Lire la suite<\/a><\/p>\n","protected":false},"author":6,"featured_media":0,"comment_status":"closed","ping_status":"closed","sticky":false,"template":"","format":"standard","meta":{"_acf_changed":false,"_exactmetrics_skip_tracking":false,"_exactmetrics_sitenote_active":false,"_exactmetrics_sitenote_note":"","_exactmetrics_sitenote_category":0,"footnotes":""},"categories":[19],"tags":[],"class_list":["post-6039","post","type-post","status-publish","format-standard","hentry","category-lettre-l"],"acf":[],"_links":{"self":[{"href":"https:\/\/www.lesmaconsdelacreuse.fr\/annuaires\/wp-json\/wp\/v2\/posts\/6039","targetHints":{"allow":["GET"]}}],"collection":[{"href":"https:\/\/www.lesmaconsdelacreuse.fr\/annuaires\/wp-json\/wp\/v2\/posts"}],"about":[{"href":"https:\/\/www.lesmaconsdelacreuse.fr\/annuaires\/wp-json\/wp\/v2\/types\/post"}],"author":[{"embeddable":true,"href":"https:\/\/www.lesmaconsdelacreuse.fr\/annuaires\/wp-json\/wp\/v2\/users\/6"}],"replies":[{"embeddable":true,"href":"https:\/\/www.lesmaconsdelacreuse.fr\/annuaires\/wp-json\/wp\/v2\/comments?post=6039"}],"version-history":[{"count":0,"href":"https:\/\/www.lesmaconsdelacreuse.fr\/annuaires\/wp-json\/wp\/v2\/posts\/6039\/revisions"}],"wp:attachment":[{"href":"https:\/\/www.lesmaconsdelacreuse.fr\/annuaires\/wp-json\/wp\/v2\/media?parent=6039"}],"wp:term":[{"taxonomy":"category","embeddable":true,"href":"https:\/\/www.lesmaconsdelacreuse.fr\/annuaires\/wp-json\/wp\/v2\/categories?post=6039"},{"taxonomy":"post_tag","embeddable":true,"href":"https:\/\/www.lesmaconsdelacreuse.fr\/annuaires\/wp-json\/wp\/v2\/tags?post=6039"}],"curies":[{"name":"wp","href":"https:\/\/api.w.org\/{rel}","templated":true}]}}