{"id":6041,"date":"2019-07-28T13:42:16","date_gmt":"2019-07-28T11:42:16","guid":{"rendered":"http:\/\/lesmaconsdelacreuse.fr\/annuaire\/?p=6041"},"modified":"2023-07-15T07:35:49","modified_gmt":"2023-07-15T05:35:49","slug":"l_541","status":"publish","type":"post","link":"https:\/\/www.lesmaconsdelacreuse.fr\/annuaires\/lettre-l\/l_541\/","title":{"rendered":"LAURENT Adrien Henri (1901-apr\u00e8s 1940)"},"content":{"rendered":"<p class=\"last-updated\"><strong>Mis \u00e0 jour le :<\/strong> 25\/04\/2026<\/p><h2 style=\"text-align: center;\"><strong>Adrien Henri LAURENT<\/strong><\/h2>\n<p style=\"text-align: center;\"><strong>1901 \u2013 apr\u00e8s 1940<\/strong><\/p>\n<h4 style=\"text-align: center;\"><strong><span style=\"color: #008000;\">pl\u00e2trier<\/span><\/strong><\/h4>\n<p style=\"text-align: center;\">n\u00e9 au Theil-Haut (Saint-Yrieix-la-Montagne)<\/p>\n<p style=\"text-align: center;\">le 23 octobre 1901<\/p>\n<p style=\"text-align: center;\">fils de<\/p>\n<p style=\"text-align: center;\">L\u00e9onard LAURENT, <span style=\"color: #008000;\"><strong>ma\u00e7on <\/strong><\/span><strong>\/ <\/strong>Fran\u00e7oise DEMORAT<\/p>\n<p style=\"text-align: center;\"><span style=\"color: #ffffff;\">\u25d9<\/span><\/p>\n<p><strong>En 1921<\/strong><em><strong>,<\/strong> Adrien habite Le Monteil-au-Vicomte avec ses parents.<\/em><\/p>\n<p><strong>En 1922<\/strong><em>, il est exempt\u00e9 de service militaire pour abc\u00e8s froids multiples.<\/em><\/p>\n<p><em> Il \u00e9pouse Val\u00e9rie Albertine <\/em><strong>LEVASSORT<\/strong><em> le 29 d\u00e9cembre <\/em><strong>1928<\/strong><em> \u00e0 <\/em><span style=\"color: #0000ff;\"><strong>Paris (75) <\/strong><\/span><em>14e.<\/em><\/p>\n<p><strong>En 1939<\/strong><em>, ils habitent 31, rue de la Sabli\u00e8re, 14e arrondissement.<\/em><\/p>\n","protected":false},"excerpt":{"rendered":"<p>Mis \u00e0 jour le : 25\/04\/2026Adrien Henri LAURENT 1901 \u2013 apr\u00e8s 1940 pl\u00e2trier n\u00e9 au Theil-Haut (Saint-Yrieix-la-Montagne) le 23 octobre 1901 fils de L\u00e9onard LAURENT, ma\u00e7on \/ Fran\u00e7oise DEMORAT \u25d9 En 1921, Adrien habite Le Monteil-au-Vicomte avec ses parents. En 1922, il est exempt\u00e9 de service militaire pour abc\u00e8s froids multiples. Il \u00e9pouse Val\u00e9rie Albertine ..<\/p>\n<div class=\"clear-fix\"><\/div>\n<p><a href=\"https:\/\/www.lesmaconsdelacreuse.fr\/annuaires\/lettre-l\/l_541\/\" title=\"Lire la suite...\">Lire la suite<\/a><\/p>\n","protected":false},"author":6,"featured_media":0,"comment_status":"closed","ping_status":"closed","sticky":false,"template":"","format":"standard","meta":{"_acf_changed":false,"_exactmetrics_skip_tracking":false,"_exactmetrics_sitenote_active":false,"_exactmetrics_sitenote_note":"","_exactmetrics_sitenote_category":0,"footnotes":""},"categories":[19],"tags":[],"class_list":["post-6041","post","type-post","status-publish","format-standard","hentry","category-lettre-l"],"acf":[],"_links":{"self":[{"href":"https:\/\/www.lesmaconsdelacreuse.fr\/annuaires\/wp-json\/wp\/v2\/posts\/6041","targetHints":{"allow":["GET"]}}],"collection":[{"href":"https:\/\/www.lesmaconsdelacreuse.fr\/annuaires\/wp-json\/wp\/v2\/posts"}],"about":[{"href":"https:\/\/www.lesmaconsdelacreuse.fr\/annuaires\/wp-json\/wp\/v2\/types\/post"}],"author":[{"embeddable":true,"href":"https:\/\/www.lesmaconsdelacreuse.fr\/annuaires\/wp-json\/wp\/v2\/users\/6"}],"replies":[{"embeddable":true,"href":"https:\/\/www.lesmaconsdelacreuse.fr\/annuaires\/wp-json\/wp\/v2\/comments?post=6041"}],"version-history":[{"count":1,"href":"https:\/\/www.lesmaconsdelacreuse.fr\/annuaires\/wp-json\/wp\/v2\/posts\/6041\/revisions"}],"predecessor-version":[{"id":208125,"href":"https:\/\/www.lesmaconsdelacreuse.fr\/annuaires\/wp-json\/wp\/v2\/posts\/6041\/revisions\/208125"}],"wp:attachment":[{"href":"https:\/\/www.lesmaconsdelacreuse.fr\/annuaires\/wp-json\/wp\/v2\/media?parent=6041"}],"wp:term":[{"taxonomy":"category","embeddable":true,"href":"https:\/\/www.lesmaconsdelacreuse.fr\/annuaires\/wp-json\/wp\/v2\/categories?post=6041"},{"taxonomy":"post_tag","embeddable":true,"href":"https:\/\/www.lesmaconsdelacreuse.fr\/annuaires\/wp-json\/wp\/v2\/tags?post=6041"}],"curies":[{"name":"wp","href":"https:\/\/api.w.org\/{rel}","templated":true}]}}