{"id":6047,"date":"2019-07-28T13:42:17","date_gmt":"2019-07-28T11:42:17","guid":{"rendered":"http:\/\/lesmaconsdelacreuse.fr\/annuaire\/?p=6047"},"modified":"2020-01-20T11:26:38","modified_gmt":"2020-01-20T10:26:38","slug":"l_535","status":"publish","type":"post","link":"https:\/\/www.lesmaconsdelacreuse.fr\/annuaires\/lettre-l\/l_535\/","title":{"rendered":"LOUDINAS L\u00e9onard (vers 1738-apr\u00e8s 1776)"},"content":{"rendered":"<p class=\"last-updated\"><strong>Mis \u00e0 jour le :<\/strong> 25\/04\/2026<\/p><h2 style=\"text-align: center;\"><strong>L\u00e9onard LOUDINAS<\/strong><\/h2>\n<p style=\"text-align: center;\"><strong>vers 1738 \u2013 apr\u00e8s 1776<\/strong><\/p>\n<p style=\"text-align: center;\"><img decoding=\"async\" title=\"\" src=\"https:\/\/lesmaconsdelacreuse.fr\/annuaire\/wp-content\/uploads\/2019\/07\/image1-1425.jpg\" alt=\"\" data-source-id=\"i.0\" data-asset-id=\"6044\" \/><\/p>\n<h4 style=\"text-align: center;\"><span style=\"color: #008000;\"><strong>ma\u00e7on<\/strong><\/span><\/h4>\n<p style=\"text-align: center;\">n\u00e9 \u00e0 Clupeau (Tarnac &#8211; 19)\u00a0?<\/p>\n<p style=\"text-align: center;\">vers 1738<\/p>\n<p style=\"text-align: center;\">fils de<\/p>\n<p style=\"text-align: center;\">Gilles LOUDINAS \/ Berthe LAUZANE<\/p>\n<p style=\"text-align: center;\"><span style=\"color: #ffffff;\">\u25d9<\/span><\/p>\n<p><em>L\u00e9onard \u00e9pouse Catherine <\/em><strong>BUCHENAUD<\/strong><em> le 12 f\u00e9vrier <\/em><strong>1753<\/strong><em> \u00e0 Faux-la-Montagne (contrat Barjaud). <\/em><\/p>\n<p><em>Ils habitent Th\u00e9zillat, m\u00eame paroisse, puis Vauveix, paroisse de Roy\u00e8re. <\/em><\/p>\n<p><strong>\u25ba<a target=\"_blank\"href=\"https:\/\/www.lesmaconsdelacreuse.fr\/annuaires\/\/wp-content\/uploads\/DOCUMENTS\/1783_-_Leonard_LOUDINAS_absent_depuis_7_ans.pdf\"><span style=\"color: #ff6600;\"><span style=\"color: #993366;\">En 1783<\/span><\/span><\/a><\/strong><em>, L\u00e9onard est <\/em><span style=\"color: #993366;\"><strong>absent de chez lui depuis sept ans<\/strong><\/span><em>.<\/em><\/p>\n","protected":false},"excerpt":{"rendered":"<p>Mis \u00e0 jour le : 25\/04\/2026L\u00e9onard LOUDINAS vers 1738 \u2013 apr\u00e8s 1776 ma\u00e7on n\u00e9 \u00e0 Clupeau (Tarnac &#8211; 19)\u00a0? vers 1738 fils de Gilles LOUDINAS \/ Berthe LAUZANE \u25d9 L\u00e9onard \u00e9pouse Catherine BUCHENAUD le 12 f\u00e9vrier 1753 \u00e0 Faux-la-Montagne (contrat Barjaud). Ils habitent Th\u00e9zillat, m\u00eame paroisse, puis Vauveix, paroisse de Roy\u00e8re. \u25baEn 1783, L\u00e9onard est ..<\/p>\n<div class=\"clear-fix\"><\/div>\n<p><a href=\"https:\/\/www.lesmaconsdelacreuse.fr\/annuaires\/lettre-l\/l_535\/\" title=\"Lire la suite...\">Lire la suite<\/a><\/p>\n","protected":false},"author":6,"featured_media":0,"comment_status":"closed","ping_status":"closed","sticky":false,"template":"","format":"standard","meta":{"_acf_changed":false,"_exactmetrics_skip_tracking":false,"_exactmetrics_sitenote_active":false,"_exactmetrics_sitenote_note":"","_exactmetrics_sitenote_category":0,"footnotes":""},"categories":[19],"tags":[],"class_list":["post-6047","post","type-post","status-publish","format-standard","hentry","category-lettre-l"],"acf":[],"_links":{"self":[{"href":"https:\/\/www.lesmaconsdelacreuse.fr\/annuaires\/wp-json\/wp\/v2\/posts\/6047","targetHints":{"allow":["GET"]}}],"collection":[{"href":"https:\/\/www.lesmaconsdelacreuse.fr\/annuaires\/wp-json\/wp\/v2\/posts"}],"about":[{"href":"https:\/\/www.lesmaconsdelacreuse.fr\/annuaires\/wp-json\/wp\/v2\/types\/post"}],"author":[{"embeddable":true,"href":"https:\/\/www.lesmaconsdelacreuse.fr\/annuaires\/wp-json\/wp\/v2\/users\/6"}],"replies":[{"embeddable":true,"href":"https:\/\/www.lesmaconsdelacreuse.fr\/annuaires\/wp-json\/wp\/v2\/comments?post=6047"}],"version-history":[{"count":0,"href":"https:\/\/www.lesmaconsdelacreuse.fr\/annuaires\/wp-json\/wp\/v2\/posts\/6047\/revisions"}],"wp:attachment":[{"href":"https:\/\/www.lesmaconsdelacreuse.fr\/annuaires\/wp-json\/wp\/v2\/media?parent=6047"}],"wp:term":[{"taxonomy":"category","embeddable":true,"href":"https:\/\/www.lesmaconsdelacreuse.fr\/annuaires\/wp-json\/wp\/v2\/categories?post=6047"},{"taxonomy":"post_tag","embeddable":true,"href":"https:\/\/www.lesmaconsdelacreuse.fr\/annuaires\/wp-json\/wp\/v2\/tags?post=6047"}],"curies":[{"name":"wp","href":"https:\/\/api.w.org\/{rel}","templated":true}]}}