{"id":6052,"date":"2019-07-28T13:42:16","date_gmt":"2019-07-28T11:42:16","guid":{"rendered":"http:\/\/lesmaconsdelacreuse.fr\/annuaire\/?p=6052"},"modified":"2020-01-20T11:26:40","modified_gmt":"2020-01-20T10:26:40","slug":"l_536","status":"publish","type":"post","link":"https:\/\/www.lesmaconsdelacreuse.fr\/annuaires\/lettre-l\/l_536\/","title":{"rendered":"LAUDINAS L\u00e9onard (1834-1909)"},"content":{"rendered":"<p class=\"last-updated\"><strong>Mis \u00e0 jour le :<\/strong> 25\/04\/2026<\/p><h2 style=\"text-align: center;\"><strong>L\u00e9onard LAUDINAS<\/strong><\/h2>\n<p style=\"text-align: center;\"><strong>1834 \u2013 1909<\/strong><\/p>\n<p style=\"text-align: center;\"><img decoding=\"async\" title=\"\" src=\"https:\/\/lesmaconsdelacreuse.fr\/annuaire\/wp-content\/uploads\/2019\/07\/image1-1426.jpg\" alt=\"\" data-source-id=\"i.0\" data-asset-id=\"6051\" \/><\/p>\n<h4 style=\"text-align: center;\"><span style=\"color: #008000;\"><strong>ma\u00e7on<\/strong><em>\u00a0<\/em>et <strong>cultivateur<\/strong><\/span><\/h4>\n<p style=\"text-align: center;\">n\u00e9 \u00e0 Bord (Saint-Pardoux-Lavaud)<\/p>\n<p style=\"text-align: center;\">le 2 janvier 1834<\/p>\n<p style=\"text-align: center;\">fils de<\/p>\n<p style=\"text-align: center;\">Joseph LOUDINAS, <span style=\"color: #008000;\"><strong>ma\u00e7on <\/strong><\/span><strong>\/ <\/strong>Marie LEFORT<\/p>\n<p style=\"text-align: center;\">propri\u00e9taires cultivateurs<\/p>\n<p style=\"text-align: center;\"><span style=\"color: #ffffff;\">\u25d9<\/span><\/p>\n<p><strong>En 1855<\/strong><em>, L\u00e9onard se pr\u00e9sente devant le conseil de r\u00e9vision avec une fracture \u00e0 la cuisse gauche.<\/em><\/p>\n<p><em>Il \u00e9pouse Marie <\/em><strong>CONCHONNET <\/strong><em>le 21 f\u00e9vrier <\/em><strong>1865<\/strong><em> \u00e0 Saint-Pardoux (contrat Magadoux \u00e0 Saint-Martin-Ch\u00e2teau). Le couple habite La Cour-de-Rozet. <\/em><\/p>\n<p><strong>En 1871<\/strong><em>, L\u00e9onard travaille \u00e0 <\/em><span style=\"color: #0000ff;\"><strong>Lyon (69)<\/strong><\/span><em><span style=\"color: #0000ff;\">\u00a0<\/span>;<\/em><\/p>\n<p><strong>en 1901<\/strong><em>, \u00e0 <\/em><span style=\"color: #0000ff;\"><strong>Charly (69)<\/strong><\/span><em>.<\/em><\/p>\n<p><em>Retir\u00e9s \u00e0 la Cour-de-Rozet, les \u00e9poux y d\u00e9c\u00e8dent, cultivateurs\u00a0:<\/em><\/p>\n<ul>\n<li><em>Marie, le 10 avril <\/em><strong>1878<\/strong><em>, \u00e2g\u00e9e de 33 ans<\/em><\/li>\n<li><em>L\u00e9onard, le 14 f\u00e9vrier <\/em><strong>1909<\/strong>,<em> \u00e2g\u00e9 de 75 ans<\/em><\/li>\n<\/ul>\n","protected":false},"excerpt":{"rendered":"<p>Mis \u00e0 jour le : 25\/04\/2026L\u00e9onard LAUDINAS 1834 \u2013 1909 ma\u00e7on\u00a0et cultivateur n\u00e9 \u00e0 Bord (Saint-Pardoux-Lavaud) le 2 janvier 1834 fils de Joseph LOUDINAS, ma\u00e7on \/ Marie LEFORT propri\u00e9taires cultivateurs \u25d9 En 1855, L\u00e9onard se pr\u00e9sente devant le conseil de r\u00e9vision avec une fracture \u00e0 la cuisse gauche. Il \u00e9pouse Marie CONCHONNET le 21 f\u00e9vrier ..<\/p>\n<div class=\"clear-fix\"><\/div>\n<p><a href=\"https:\/\/www.lesmaconsdelacreuse.fr\/annuaires\/lettre-l\/l_536\/\" title=\"Lire la suite...\">Lire la suite<\/a><\/p>\n","protected":false},"author":6,"featured_media":0,"comment_status":"closed","ping_status":"closed","sticky":false,"template":"","format":"standard","meta":{"_acf_changed":false,"_exactmetrics_skip_tracking":false,"_exactmetrics_sitenote_active":false,"_exactmetrics_sitenote_note":"","_exactmetrics_sitenote_category":0,"footnotes":""},"categories":[19],"tags":[],"class_list":["post-6052","post","type-post","status-publish","format-standard","hentry","category-lettre-l"],"acf":[],"_links":{"self":[{"href":"https:\/\/www.lesmaconsdelacreuse.fr\/annuaires\/wp-json\/wp\/v2\/posts\/6052","targetHints":{"allow":["GET"]}}],"collection":[{"href":"https:\/\/www.lesmaconsdelacreuse.fr\/annuaires\/wp-json\/wp\/v2\/posts"}],"about":[{"href":"https:\/\/www.lesmaconsdelacreuse.fr\/annuaires\/wp-json\/wp\/v2\/types\/post"}],"author":[{"embeddable":true,"href":"https:\/\/www.lesmaconsdelacreuse.fr\/annuaires\/wp-json\/wp\/v2\/users\/6"}],"replies":[{"embeddable":true,"href":"https:\/\/www.lesmaconsdelacreuse.fr\/annuaires\/wp-json\/wp\/v2\/comments?post=6052"}],"version-history":[{"count":0,"href":"https:\/\/www.lesmaconsdelacreuse.fr\/annuaires\/wp-json\/wp\/v2\/posts\/6052\/revisions"}],"wp:attachment":[{"href":"https:\/\/www.lesmaconsdelacreuse.fr\/annuaires\/wp-json\/wp\/v2\/media?parent=6052"}],"wp:term":[{"taxonomy":"category","embeddable":true,"href":"https:\/\/www.lesmaconsdelacreuse.fr\/annuaires\/wp-json\/wp\/v2\/categories?post=6052"},{"taxonomy":"post_tag","embeddable":true,"href":"https:\/\/www.lesmaconsdelacreuse.fr\/annuaires\/wp-json\/wp\/v2\/tags?post=6052"}],"curies":[{"name":"wp","href":"https:\/\/api.w.org\/{rel}","templated":true}]}}