{"id":6055,"date":"2019-07-28T13:42:15","date_gmt":"2019-07-28T11:42:15","guid":{"rendered":"http:\/\/lesmaconsdelacreuse.fr\/annuaire\/?p=6055"},"modified":"2020-01-20T11:26:42","modified_gmt":"2020-01-20T10:26:42","slug":"l_538","status":"publish","type":"post","link":"https:\/\/www.lesmaconsdelacreuse.fr\/annuaires\/lettre-l\/l_538\/","title":{"rendered":"LAUDINAS Louis (1857-apr\u00e8s 1923)"},"content":{"rendered":"<p class=\"last-updated\"><strong>Mis \u00e0 jour le :<\/strong> 25\/04\/2026<\/p><h2 style=\"text-align: center;\"><strong>Louis LAUDINAS<\/strong><\/h2>\n<p style=\"text-align: center;\"><strong>1857 \u2013 apr\u00e8s 1923<\/strong><\/p>\n<p style=\"text-align: center;\"><img decoding=\"async\" title=\"\" src=\"https:\/\/lesmaconsdelacreuse.fr\/annuaire\/wp-content\/uploads\/2019\/07\/image1-1427.jpg\" alt=\"\" data-source-id=\"i.0\" data-asset-id=\"6053\" \/><\/p>\n<h4 style=\"text-align: center;\"><span style=\"color: #008000;\"><strong>ma\u00e7on<\/strong><\/span><\/h4>\n<p style=\"text-align: center;\">n\u00e9 \u00e0 Oullins (69)<\/p>\n<p style=\"text-align: center;\">le 28 septembre 1857<\/p>\n<p style=\"text-align: center;\">fils de<\/p>\n<p style=\"text-align: center;\">Georges LAUDINAS, <span style=\"color: #008000;\"><strong>ma\u00e7on <\/strong><\/span>et<strong> <span style=\"color: #008000;\">tailleur de pierre<\/span><\/strong><\/p>\n<p style=\"text-align: center;\">Marie L\u00e9onarde BELLE, cultivatrice<\/p>\n<p style=\"text-align: center;\"><span style=\"color: #ffffff;\">\u25d9<\/span><\/p>\n<p><strong>En 1872<\/strong><em>, Louis travaille \u00e0 <\/em><strong><span style=\"color: #0000ff;\">Villeurbanne (69<\/span>)<\/strong><em> et loge avec son p\u00e8re, 14, cours Lafayette.<\/em><\/p>\n<p><strong>En 1878<\/strong><em>, il passe le conseil de r\u00e9vision \u00e0 <\/em><span style=\"color: #0000ff;\"><strong>Lyon (69)<\/strong><\/span><em>. Il y habite rue Monplaisir, puis 63, rue des Maisons Neuves.<\/em><\/p>\n<p><em> Il est domicili\u00e9 \u00e0 Saint-Martin-Ch\u00e2teau avec son p\u00e8re lorsqu\u2019il y \u00e9pouse Eug\u00e9nie Fran\u00e7oise <\/em><strong>MOURNE<\/strong><em> le 27 janvier <\/em><strong>1883<\/strong> <em>(contrat Magadoux). Ils habitent Neuvialle.<\/em><\/p>\n<p><em>Eug\u00e9nie d\u00e9c\u00e8de \u00e0 Neuvialle le 10 avril <\/em><strong>1905<\/strong><em>, \u00e2g\u00e9e de 43 ans.<\/em><\/p>\n<p>En ao\u00fbt 1905<em>, Louis habite Lyon, 128, grande rue de Monplaisir\u00a0;<\/em><\/p>\n<p><strong>en 1923<\/strong><em>, 1, rue de l\u2019Harmonie.<\/em><\/p>\n","protected":false},"excerpt":{"rendered":"<p>Mis \u00e0 jour le : 25\/04\/2026Louis LAUDINAS 1857 \u2013 apr\u00e8s 1923 ma\u00e7on n\u00e9 \u00e0 Oullins (69) le 28 septembre 1857 fils de Georges LAUDINAS, ma\u00e7on et tailleur de pierre Marie L\u00e9onarde BELLE, cultivatrice \u25d9 En 1872, Louis travaille \u00e0 Villeurbanne (69) et loge avec son p\u00e8re, 14, cours Lafayette. En 1878, il passe le conseil ..<\/p>\n<div class=\"clear-fix\"><\/div>\n<p><a href=\"https:\/\/www.lesmaconsdelacreuse.fr\/annuaires\/lettre-l\/l_538\/\" title=\"Lire la suite...\">Lire la suite<\/a><\/p>\n","protected":false},"author":6,"featured_media":0,"comment_status":"closed","ping_status":"closed","sticky":false,"template":"","format":"standard","meta":{"_acf_changed":false,"_exactmetrics_skip_tracking":false,"_exactmetrics_sitenote_active":false,"_exactmetrics_sitenote_note":"","_exactmetrics_sitenote_category":0,"footnotes":""},"categories":[19],"tags":[],"class_list":["post-6055","post","type-post","status-publish","format-standard","hentry","category-lettre-l"],"acf":[],"_links":{"self":[{"href":"https:\/\/www.lesmaconsdelacreuse.fr\/annuaires\/wp-json\/wp\/v2\/posts\/6055","targetHints":{"allow":["GET"]}}],"collection":[{"href":"https:\/\/www.lesmaconsdelacreuse.fr\/annuaires\/wp-json\/wp\/v2\/posts"}],"about":[{"href":"https:\/\/www.lesmaconsdelacreuse.fr\/annuaires\/wp-json\/wp\/v2\/types\/post"}],"author":[{"embeddable":true,"href":"https:\/\/www.lesmaconsdelacreuse.fr\/annuaires\/wp-json\/wp\/v2\/users\/6"}],"replies":[{"embeddable":true,"href":"https:\/\/www.lesmaconsdelacreuse.fr\/annuaires\/wp-json\/wp\/v2\/comments?post=6055"}],"version-history":[{"count":0,"href":"https:\/\/www.lesmaconsdelacreuse.fr\/annuaires\/wp-json\/wp\/v2\/posts\/6055\/revisions"}],"wp:attachment":[{"href":"https:\/\/www.lesmaconsdelacreuse.fr\/annuaires\/wp-json\/wp\/v2\/media?parent=6055"}],"wp:term":[{"taxonomy":"category","embeddable":true,"href":"https:\/\/www.lesmaconsdelacreuse.fr\/annuaires\/wp-json\/wp\/v2\/categories?post=6055"},{"taxonomy":"post_tag","embeddable":true,"href":"https:\/\/www.lesmaconsdelacreuse.fr\/annuaires\/wp-json\/wp\/v2\/tags?post=6055"}],"curies":[{"name":"wp","href":"https:\/\/api.w.org\/{rel}","templated":true}]}}