{"id":6059,"date":"2019-07-28T13:42:15","date_gmt":"2019-07-28T11:42:15","guid":{"rendered":"http:\/\/lesmaconsdelacreuse.fr\/annuaire\/?p=6059"},"modified":"2020-09-06T13:54:43","modified_gmt":"2020-09-06T11:54:43","slug":"l_517","status":"publish","type":"post","link":"https:\/\/www.lesmaconsdelacreuse.fr\/annuaires\/lettre-l\/l_517\/","title":{"rendered":"LAUDINAS Barth\u00e9l\u00e9my (1832-1903)"},"content":{"rendered":"<p class=\"last-updated\"><strong>Mis \u00e0 jour le :<\/strong> 25\/04\/2026<\/p><h2 style=\"text-align: center;\"><strong>Barth\u00e9l\u00e9my LAUDINAS<\/strong><\/h2>\n<p style=\"text-align: center;\"><strong>Jean LAUDINAS<\/strong><\/p>\n<p style=\"text-align: center;\"><strong>1832 \u2013 1903<\/strong><\/p>\n<p style=\"text-align: center;\"><a href=\"https:\/\/www.lesmaconsdelacreuse.fr\/annuaires\/wp-content\/uploads\/2020\/07\/ne-sait-pas-signer.jpg\"><img loading=\"lazy\" decoding=\"async\" class=\"alignnone size-full wp-image-174596\" src=\"https:\/\/www.lesmaconsdelacreuse.fr\/annuaires\/wp-content\/uploads\/2020\/07\/ne-sait-pas-signer.jpg\" alt=\"\" width=\"156\" height=\"31\" srcset=\"https:\/\/www.lesmaconsdelacreuse.fr\/annuaires\/wp-content\/uploads\/2020\/07\/ne-sait-pas-signer.jpg 156w, https:\/\/www.lesmaconsdelacreuse.fr\/annuaires\/wp-content\/uploads\/2020\/07\/ne-sait-pas-signer-150x30.jpg 150w\" sizes=\"auto, (max-width: 156px) 100vw, 156px\" \/><\/a><\/p>\n<p>&nbsp;<\/p>\n<p style=\"text-align: center;\">\n<h4 style=\"text-align: center;\"><span style=\"color: #008000;\"><strong>ma\u00e7on <\/strong>et <strong>propri\u00e9taire cultivateur<\/strong><\/span><\/h4>\n<p style=\"text-align: center;\">n\u00e9 \u00e0 Bord (Saint-Pardoux-Lavaud)<\/p>\n<p style=\"text-align: center;\">le 25 juin 1832<\/p>\n<p style=\"text-align: center;\">fils de<\/p>\n<p style=\"text-align: center;\">Joseph LAUDINAS, <span style=\"color: #008000;\"><strong>ma\u00e7on <\/strong><\/span><strong>\/ <\/strong>Marie LEFAURE<\/p>\n<p style=\"text-align: center;\">propri\u00e9taires cultivateurs<\/p>\n<p style=\"text-align: center;\"><span style=\"color: #ffffff;\">\u25d9<\/span><\/p>\n<p><em>Barth\u00e9l\u00e9my \u00e9pouse Marie <\/em><strong>BARRET<\/strong><em> le 27 f\u00e9vrier <\/em><strong>1855<\/strong><em> \u00e0 Saint-Pardoux (contrat Filliatre \u00e0 Bourganeuf).<\/em><\/p>\n<p><em>Ils habitent La Cour-de-Rozet. <\/em><\/p>\n<p><em>Ils y d\u00e9c\u00e8dent\u00a0:<\/em><\/p>\n<ul>\n<li><em>Marie, le 17 octobre <\/em><strong>1899<\/strong><em>, \u00e2g\u00e9e de 64 ans<\/em><\/li>\n<li><em>Barth\u00e9l\u00e9my, le 1er juillet <\/em><strong>1903<\/strong><em>, \u00e2g\u00e9 de 71 ans<\/em><\/li>\n<\/ul>\n<p>&nbsp;<\/p>\n","protected":false},"excerpt":{"rendered":"<p>Mis \u00e0 jour le : 25\/04\/2026Barth\u00e9l\u00e9my LAUDINAS Jean LAUDINAS 1832 \u2013 1903 &nbsp; ma\u00e7on et propri\u00e9taire cultivateur n\u00e9 \u00e0 Bord (Saint-Pardoux-Lavaud) le 25 juin 1832 fils de Joseph LAUDINAS, ma\u00e7on \/ Marie LEFAURE propri\u00e9taires cultivateurs \u25d9 Barth\u00e9l\u00e9my \u00e9pouse Marie BARRET le 27 f\u00e9vrier 1855 \u00e0 Saint-Pardoux (contrat Filliatre \u00e0 Bourganeuf). Ils habitent La Cour-de-Rozet. Ils ..<\/p>\n<div class=\"clear-fix\"><\/div>\n<p><a href=\"https:\/\/www.lesmaconsdelacreuse.fr\/annuaires\/lettre-l\/l_517\/\" title=\"Lire la suite...\">Lire la suite<\/a><\/p>\n","protected":false},"author":6,"featured_media":0,"comment_status":"closed","ping_status":"closed","sticky":false,"template":"","format":"standard","meta":{"_acf_changed":false,"_exactmetrics_skip_tracking":false,"_exactmetrics_sitenote_active":false,"_exactmetrics_sitenote_note":"","_exactmetrics_sitenote_category":0,"footnotes":""},"categories":[19],"tags":[],"class_list":["post-6059","post","type-post","status-publish","format-standard","hentry","category-lettre-l"],"acf":[],"_links":{"self":[{"href":"https:\/\/www.lesmaconsdelacreuse.fr\/annuaires\/wp-json\/wp\/v2\/posts\/6059","targetHints":{"allow":["GET"]}}],"collection":[{"href":"https:\/\/www.lesmaconsdelacreuse.fr\/annuaires\/wp-json\/wp\/v2\/posts"}],"about":[{"href":"https:\/\/www.lesmaconsdelacreuse.fr\/annuaires\/wp-json\/wp\/v2\/types\/post"}],"author":[{"embeddable":true,"href":"https:\/\/www.lesmaconsdelacreuse.fr\/annuaires\/wp-json\/wp\/v2\/users\/6"}],"replies":[{"embeddable":true,"href":"https:\/\/www.lesmaconsdelacreuse.fr\/annuaires\/wp-json\/wp\/v2\/comments?post=6059"}],"version-history":[{"count":0,"href":"https:\/\/www.lesmaconsdelacreuse.fr\/annuaires\/wp-json\/wp\/v2\/posts\/6059\/revisions"}],"wp:attachment":[{"href":"https:\/\/www.lesmaconsdelacreuse.fr\/annuaires\/wp-json\/wp\/v2\/media?parent=6059"}],"wp:term":[{"taxonomy":"category","embeddable":true,"href":"https:\/\/www.lesmaconsdelacreuse.fr\/annuaires\/wp-json\/wp\/v2\/categories?post=6059"},{"taxonomy":"post_tag","embeddable":true,"href":"https:\/\/www.lesmaconsdelacreuse.fr\/annuaires\/wp-json\/wp\/v2\/tags?post=6059"}],"curies":[{"name":"wp","href":"https:\/\/api.w.org\/{rel}","templated":true}]}}