{"id":6060,"date":"2019-07-28T13:42:15","date_gmt":"2019-07-28T11:42:15","guid":{"rendered":"http:\/\/lesmaconsdelacreuse.fr\/annuaire\/?p=6060"},"modified":"2020-10-05T17:01:10","modified_gmt":"2020-10-05T15:01:10","slug":"l_523","status":"publish","type":"post","link":"https:\/\/www.lesmaconsdelacreuse.fr\/annuaires\/lettre-l\/l_523\/","title":{"rendered":"LAUDINAS Georges (1823-1912)"},"content":{"rendered":"<p class=\"last-updated\"><strong>Mis \u00e0 jour le :<\/strong> 25\/04\/2026<\/p><h2 style=\"text-align: center;\"><strong>Georges LAUDINAS<\/strong><\/h2>\n<p style=\"text-align: center;\"><strong>1823 \u2013 1912<\/strong><\/p>\n<p style=\"text-align: center;\"><img decoding=\"async\" title=\"\" src=\"https:\/\/lesmaconsdelacreuse.fr\/annuaire\/wp-content\/uploads\/2019\/07\/image1-1429.jpg\" alt=\"\" data-source-id=\"i.0\" data-asset-id=\"6057\" \/><\/p>\n<h4 style=\"text-align: center;\"><span style=\"color: #008000;\"><strong>ma\u00e7on<\/strong> et <strong><a href=\"https:\/\/www.lesmaconsdelacreuse.fr\/annuaires\/wp-content\/uploads\/2020\/07\/TAILLEUR-DE-PIERRE.png\">\u25ba <span style=\"color: #008000;\">tailleur de pierre<\/span><\/a><\/strong>;\u00a0<strong>propri\u00e9taire<\/strong><\/span><\/h4>\n<p>&nbsp;<\/p>\n<p style=\"text-align: center;\">n\u00e9 \u00e0 Favareillas (Saint-Martin-Ch\u00e2teau)<\/p>\n<p style=\"text-align: center;\">le 7 octobre 1823<\/p>\n<p style=\"text-align: center;\">fils de<\/p>\n<p style=\"text-align: center;\">Pierre LAUDINAS \/ Jeanne BERTRAND<\/p>\n<p style=\"text-align: center;\">propri\u00e9taires cultivateurs<\/p>\n<p style=\"text-align: center;\"><span style=\"color: #ffffff;\">\u25d9<\/span><\/p>\n<p><strong>En 1844<\/strong><em>, Georges est exempt\u00e9 de service militaire.<\/em><\/p>\n<p><em>Il \u00e9pouse L\u00e9onarde <\/em><strong>BAYLE<\/strong><em> le 2 f\u00e9vrier <\/em><strong>1846<\/strong> <em>\u00e0 Saint-Martin (contrat Jarrijon)\u00a0; il ne sait pas encore signer. Ils habitent d\u2019abord Neuvialle, m\u00eame commune. <\/em><\/p>\n<p><strong>De 1857 \u00e0 1860<\/strong> <em>au moins, ils sont \u00e0 Pierre-B\u00e9nite, commune d\u2019<\/em><span style=\"color: #0000ff;\"><strong>Oullins (69)<\/strong><\/span><em>. <\/em><\/p>\n<p><strong>En 1872<\/strong>,<em> lors du recensement, Georges travaille \u00e0 <\/em><span style=\"color: #0000ff;\"><strong>Villeurbanne (69)<\/strong><\/span><em>, et loge 14, cours Lafayette, avec son fils Louis. <\/em><\/p>\n<p><em>L\u00e9onarde d\u00e9c\u00e8de \u00e0 Neuvialle le 5 juillet <\/em><strong>1876<\/strong><em>, \u00e2g\u00e9e de 47 ans. <\/em><\/p>\n<p><em>Georges \u00e9pouse Maria <\/em><strong>DUCONG\u00c9<\/strong><em>, cuisini\u00e8re, le 25 f\u00e9vrier <\/em><strong>1878<\/strong><em> \u00e0 Bourganeuf\u00a0(contrat Va\u00efsse).<\/em><\/p>\n<p><em> Ils habitent Neuvialle o\u00f9 d\u00e9c\u00e8de Georges le 9 octobre <\/em><strong>1912<\/strong>,<em> \u00e2g\u00e9 de 89 ans. <\/em><\/p>\n<p>&nbsp;<\/p>\n","protected":false},"excerpt":{"rendered":"<p>Mis \u00e0 jour le : 25\/04\/2026Georges LAUDINAS 1823 \u2013 1912 ma\u00e7on et \u25ba tailleur de pierre;\u00a0propri\u00e9taire &nbsp; n\u00e9 \u00e0 Favareillas (Saint-Martin-Ch\u00e2teau) le 7 octobre 1823 fils de Pierre LAUDINAS \/ Jeanne BERTRAND propri\u00e9taires cultivateurs \u25d9 En 1844, Georges est exempt\u00e9 de service militaire. Il \u00e9pouse L\u00e9onarde BAYLE le 2 f\u00e9vrier 1846 \u00e0 Saint-Martin (contrat Jarrijon)\u00a0; ..<\/p>\n<div class=\"clear-fix\"><\/div>\n<p><a href=\"https:\/\/www.lesmaconsdelacreuse.fr\/annuaires\/lettre-l\/l_523\/\" title=\"Lire la suite...\">Lire la suite<\/a><\/p>\n","protected":false},"author":6,"featured_media":0,"comment_status":"closed","ping_status":"closed","sticky":false,"template":"","format":"standard","meta":{"_acf_changed":false,"_exactmetrics_skip_tracking":false,"_exactmetrics_sitenote_active":false,"_exactmetrics_sitenote_note":"","_exactmetrics_sitenote_category":0,"footnotes":""},"categories":[19],"tags":[],"class_list":["post-6060","post","type-post","status-publish","format-standard","hentry","category-lettre-l"],"acf":[],"_links":{"self":[{"href":"https:\/\/www.lesmaconsdelacreuse.fr\/annuaires\/wp-json\/wp\/v2\/posts\/6060","targetHints":{"allow":["GET"]}}],"collection":[{"href":"https:\/\/www.lesmaconsdelacreuse.fr\/annuaires\/wp-json\/wp\/v2\/posts"}],"about":[{"href":"https:\/\/www.lesmaconsdelacreuse.fr\/annuaires\/wp-json\/wp\/v2\/types\/post"}],"author":[{"embeddable":true,"href":"https:\/\/www.lesmaconsdelacreuse.fr\/annuaires\/wp-json\/wp\/v2\/users\/6"}],"replies":[{"embeddable":true,"href":"https:\/\/www.lesmaconsdelacreuse.fr\/annuaires\/wp-json\/wp\/v2\/comments?post=6060"}],"version-history":[{"count":0,"href":"https:\/\/www.lesmaconsdelacreuse.fr\/annuaires\/wp-json\/wp\/v2\/posts\/6060\/revisions"}],"wp:attachment":[{"href":"https:\/\/www.lesmaconsdelacreuse.fr\/annuaires\/wp-json\/wp\/v2\/media?parent=6060"}],"wp:term":[{"taxonomy":"category","embeddable":true,"href":"https:\/\/www.lesmaconsdelacreuse.fr\/annuaires\/wp-json\/wp\/v2\/categories?post=6060"},{"taxonomy":"post_tag","embeddable":true,"href":"https:\/\/www.lesmaconsdelacreuse.fr\/annuaires\/wp-json\/wp\/v2\/tags?post=6060"}],"curies":[{"name":"wp","href":"https:\/\/api.w.org\/{rel}","templated":true}]}}