{"id":6064,"date":"2019-07-28T13:42:15","date_gmt":"2019-07-28T11:42:15","guid":{"rendered":"http:\/\/lesmaconsdelacreuse.fr\/annuaire\/?p=6064"},"modified":"2020-10-01T14:21:21","modified_gmt":"2020-10-01T12:21:21","slug":"l_509","status":"publish","type":"post","link":"https:\/\/www.lesmaconsdelacreuse.fr\/annuaires\/lettre-l\/l_509\/","title":{"rendered":"LASSERRE Andr\u00e9 Fran\u00e7ois (1898-1966)"},"content":{"rendered":"<p class=\"last-updated\"><strong>Mis \u00e0 jour le :<\/strong> 25\/04\/2026<\/p><h2 style=\"text-align: center;\"><strong>Andr\u00e9 Fran\u00e7ois LASSERRE<\/strong><\/h2>\n<p style=\"text-align: center;\"><strong>Andr\u00e9 LASSERRE<\/strong><\/p>\n<p style=\"text-align: center;\"><strong>1898 \u2013 1966<\/strong><\/p>\n<p style=\"text-align: center;\"><img loading=\"lazy\" decoding=\"async\" class=\"\" title=\"\" src=\"https:\/\/lesmaconsdelacreuse.fr\/annuaire\/wp-content\/uploads\/2019\/07\/image1-1431.jpg\" alt=\"\" width=\"280\" height=\"53\" data-source-id=\"i.0\" data-asset-id=\"6062\" \/><\/p>\n<h4 style=\"text-align: center;\"><span style=\"color: #008000;\"><strong>ma\u00e7on<\/strong> et\u00a0\u25ba<a href=\"https:\/\/www.lesmaconsdelacreuse.fr\/annuaires\/wp-content\/uploads\/2020\/08\/CIMENTIER-APPLICATEUR-DE-CIMENT.png\" target=\"_blank\" rel=\"noopener noreferrer\"><strong><span style=\"color: #008000;\">cimentier<\/span><\/strong><\/a><\/span><\/h4>\n<p>&nbsp;<\/p>\n<p style=\"text-align: center;\">n\u00e9 au bourg de Saint-Amand-Jartoudeix<\/p>\n<p style=\"text-align: center;\">le 30 d\u00e9cembre 1898<\/p>\n<p style=\"text-align: center;\">fils de<\/p>\n<p style=\"text-align: center;\">Fran\u00e7ois LASSERRE \/ Marie RAMPIGNON<\/p>\n<p style=\"text-align: center;\">cultivateurs<\/p>\n<p style=\"text-align: center;\"><span style=\"color: #ffffff;\">\u25d9<\/span><\/p>\n<p><strong>En 1918<\/strong><em>, Andr\u00e9 habite Saint-Junien-la-Breg\u00e8re avec ses parents.<\/em><\/p>\n<p><em> Il \u00e9pouse Marguerite <\/em><strong>F\u00c9LIX<\/strong><em> le 1er d\u00e9cembre <\/em><strong>1921<\/strong><em> \u00e0 Saint-Junien (mari\u00e9s sans contrat).<\/em><\/p>\n<p><strong>De 1924 \u00e0 1938<\/strong><em> au moins, Il travaille \u00e0 <\/em><span style=\"color: #0000ff;\"><strong>Paris (75)<\/strong><\/span><em>, et habite 7, rue Charlot, 3e arrondissement.<\/em><\/p>\n<p><em>Les \u00e9poux d\u00e9c\u00e8dent\u00a0:<\/em><\/p>\n<ul>\n<li><em>Andr\u00e9, \u00e0 <\/em><span style=\"color: #0000ff;\"><strong>Suresnes (92)<\/strong><\/span><em>, le 9 septembre <\/em><strong>1966<\/strong>,<em> \u00e2g\u00e9 de 67 ans<\/em><\/li>\n<li><em>Marguerite, \u00e0 Bourganeuf, le 5 mars <\/em><strong>1990<\/strong><em>, \u00e2g\u00e9e de 86 ans<\/em><\/li>\n<\/ul>\n<p>&nbsp;<\/p>\n","protected":false},"excerpt":{"rendered":"<p>Mis \u00e0 jour le : 25\/04\/2026Andr\u00e9 Fran\u00e7ois LASSERRE Andr\u00e9 LASSERRE 1898 \u2013 1966 ma\u00e7on et\u00a0\u25bacimentier &nbsp; n\u00e9 au bourg de Saint-Amand-Jartoudeix le 30 d\u00e9cembre 1898 fils de Fran\u00e7ois LASSERRE \/ Marie RAMPIGNON cultivateurs \u25d9 En 1918, Andr\u00e9 habite Saint-Junien-la-Breg\u00e8re avec ses parents. Il \u00e9pouse Marguerite F\u00c9LIX le 1er d\u00e9cembre 1921 \u00e0 Saint-Junien (mari\u00e9s sans contrat). ..<\/p>\n<div class=\"clear-fix\"><\/div>\n<p><a href=\"https:\/\/www.lesmaconsdelacreuse.fr\/annuaires\/lettre-l\/l_509\/\" title=\"Lire la suite...\">Lire la suite<\/a><\/p>\n","protected":false},"author":6,"featured_media":0,"comment_status":"closed","ping_status":"closed","sticky":false,"template":"","format":"standard","meta":{"_acf_changed":false,"_exactmetrics_skip_tracking":false,"_exactmetrics_sitenote_active":false,"_exactmetrics_sitenote_note":"","_exactmetrics_sitenote_category":0,"footnotes":""},"categories":[19],"tags":[],"class_list":["post-6064","post","type-post","status-publish","format-standard","hentry","category-lettre-l"],"acf":[],"_links":{"self":[{"href":"https:\/\/www.lesmaconsdelacreuse.fr\/annuaires\/wp-json\/wp\/v2\/posts\/6064","targetHints":{"allow":["GET"]}}],"collection":[{"href":"https:\/\/www.lesmaconsdelacreuse.fr\/annuaires\/wp-json\/wp\/v2\/posts"}],"about":[{"href":"https:\/\/www.lesmaconsdelacreuse.fr\/annuaires\/wp-json\/wp\/v2\/types\/post"}],"author":[{"embeddable":true,"href":"https:\/\/www.lesmaconsdelacreuse.fr\/annuaires\/wp-json\/wp\/v2\/users\/6"}],"replies":[{"embeddable":true,"href":"https:\/\/www.lesmaconsdelacreuse.fr\/annuaires\/wp-json\/wp\/v2\/comments?post=6064"}],"version-history":[{"count":0,"href":"https:\/\/www.lesmaconsdelacreuse.fr\/annuaires\/wp-json\/wp\/v2\/posts\/6064\/revisions"}],"wp:attachment":[{"href":"https:\/\/www.lesmaconsdelacreuse.fr\/annuaires\/wp-json\/wp\/v2\/media?parent=6064"}],"wp:term":[{"taxonomy":"category","embeddable":true,"href":"https:\/\/www.lesmaconsdelacreuse.fr\/annuaires\/wp-json\/wp\/v2\/categories?post=6064"},{"taxonomy":"post_tag","embeddable":true,"href":"https:\/\/www.lesmaconsdelacreuse.fr\/annuaires\/wp-json\/wp\/v2\/tags?post=6064"}],"curies":[{"name":"wp","href":"https:\/\/api.w.org\/{rel}","templated":true}]}}