{"id":6070,"date":"2019-07-28T13:42:14","date_gmt":"2019-07-28T11:42:14","guid":{"rendered":"http:\/\/lesmaconsdelacreuse.fr\/annuaire\/?p=6070"},"modified":"2022-04-09T11:13:17","modified_gmt":"2022-04-09T09:13:17","slug":"l_537","status":"publish","type":"post","link":"https:\/\/www.lesmaconsdelacreuse.fr\/annuaires\/lettre-l\/l_537\/","title":{"rendered":"LAUDINAT L\u00e9onard (1874-apr\u00e8s 1912)"},"content":{"rendered":"<p class=\"last-updated\"><strong>Mis \u00e0 jour le :<\/strong> 25\/04\/2026<\/p><h2 style=\"text-align: center;\"><strong>L\u00e9onard LAUDINAT<\/strong><\/h2>\n<p style=\"text-align: center;\"><strong>1874 \u2013 apr\u00e8s 1912<\/strong><\/p>\n<p style=\"text-align: center;\"><img decoding=\"async\" title=\"\" src=\"https:\/\/lesmaconsdelacreuse.fr\/annuaire\/wp-content\/uploads\/2019\/07\/image1-1433.jpg\" alt=\"\" data-source-id=\"i.0\" data-asset-id=\"6069\" \/><\/p>\n<h4 style=\"text-align: center;\"><span style=\"color: #008000;\"><strong>ma\u00e7on<\/strong><\/span><\/h4>\n<p style=\"text-align: center;\">n\u00e9 \u00e0 La Cour-de-Rozet (Saint-Pardoux-Lavaud)<\/p>\n<p style=\"text-align: center;\">le 14 ao\u00fbt 1874<\/p>\n<p style=\"text-align: center;\">fils de<\/p>\n<p style=\"text-align: center;\">Barth\u00e9l\u00e9my LAUDINAT,<span style=\"color: #008000;\"><strong> ma\u00e7on<\/strong><\/span><\/p>\n<p style=\"text-align: center;\">Marie BARRET, cultivatrice<\/p>\n<p style=\"text-align: center;\"><span style=\"color: #ffffff;\">\u25d9<\/span><\/p>\n<p><strong>En 1895<\/strong>, <em>L\u00e9onard passe le conseil de r\u00e9vision\u00a0; il est ajourn\u00e9 pour faiblesse.<\/em><\/p>\n<p><strong>En 1899<\/strong><em>, il r\u00e9side \u00e0 <\/em><span style=\"color: #0000ff;\"><strong>Clichy (92)<\/strong><\/span><em>, 16 rue des Chasses. <\/em><\/p>\n<p><em>Il \u00e9pouse Eug\u00e9nie <\/em><strong>BARRET<\/strong><em> le 8 f\u00e9vrier <\/em><strong>1900<\/strong> <em>\u00e0 Saint-Pardoux (contrat Va\u00efsse \u00e0 Bourganeuf). Le couple habite d&rsquo;abord La Cour-de-Rozet. <\/em><\/p>\n<p><strong>En 1902<\/strong><em>, L\u00e9onard est \u00e0 <\/em><span style=\"color: #0000ff;\"><strong>Paris (75)<\/strong><\/span><em>, 7 impasse Pr\u00e9vost, 13e arrondissement\u00a0;<\/em><\/p>\n<p><strong>en 1908<\/strong><em>, \u00e0 <\/em><span style=\"color: #0000ff;\"><strong>Clamart (92)<\/strong><\/span><em>, chemin des Closiaux\u00a0;<\/em><\/p>\n<p><strong>en 1909<\/strong><em>, \u00e0 l\u2019adresse de 1902, et Eug\u00e9nie est plumassi\u00e8re\u00a0;<\/em><\/p>\n<p><strong>en 1912<\/strong><em>, toujours \u00e0 Clamart, passage de Groux. <\/em><\/p>\n<p><em>Eug\u00e9nie d\u00e9c\u00e8de veuve \u00e0 La Cour-de-Rozet le 18 octobre <\/em><strong>1951<\/strong><em>, \u00e2g\u00e9e de 72 ans.<\/em><\/p>\n","protected":false},"excerpt":{"rendered":"<p>Mis \u00e0 jour le : 25\/04\/2026L\u00e9onard LAUDINAT 1874 \u2013 apr\u00e8s 1912 ma\u00e7on n\u00e9 \u00e0 La Cour-de-Rozet (Saint-Pardoux-Lavaud) le 14 ao\u00fbt 1874 fils de Barth\u00e9l\u00e9my LAUDINAT, ma\u00e7on Marie BARRET, cultivatrice \u25d9 En 1895, L\u00e9onard passe le conseil de r\u00e9vision\u00a0; il est ajourn\u00e9 pour faiblesse. En 1899, il r\u00e9side \u00e0 Clichy (92), 16 rue des Chasses. Il ..<\/p>\n<div class=\"clear-fix\"><\/div>\n<p><a href=\"https:\/\/www.lesmaconsdelacreuse.fr\/annuaires\/lettre-l\/l_537\/\" title=\"Lire la suite...\">Lire la suite<\/a><\/p>\n","protected":false},"author":6,"featured_media":0,"comment_status":"closed","ping_status":"closed","sticky":false,"template":"","format":"standard","meta":{"_acf_changed":false,"_exactmetrics_skip_tracking":false,"_exactmetrics_sitenote_active":false,"_exactmetrics_sitenote_note":"","_exactmetrics_sitenote_category":0,"footnotes":""},"categories":[19],"tags":[],"class_list":["post-6070","post","type-post","status-publish","format-standard","hentry","category-lettre-l"],"acf":[],"_links":{"self":[{"href":"https:\/\/www.lesmaconsdelacreuse.fr\/annuaires\/wp-json\/wp\/v2\/posts\/6070","targetHints":{"allow":["GET"]}}],"collection":[{"href":"https:\/\/www.lesmaconsdelacreuse.fr\/annuaires\/wp-json\/wp\/v2\/posts"}],"about":[{"href":"https:\/\/www.lesmaconsdelacreuse.fr\/annuaires\/wp-json\/wp\/v2\/types\/post"}],"author":[{"embeddable":true,"href":"https:\/\/www.lesmaconsdelacreuse.fr\/annuaires\/wp-json\/wp\/v2\/users\/6"}],"replies":[{"embeddable":true,"href":"https:\/\/www.lesmaconsdelacreuse.fr\/annuaires\/wp-json\/wp\/v2\/comments?post=6070"}],"version-history":[{"count":2,"href":"https:\/\/www.lesmaconsdelacreuse.fr\/annuaires\/wp-json\/wp\/v2\/posts\/6070\/revisions"}],"predecessor-version":[{"id":197315,"href":"https:\/\/www.lesmaconsdelacreuse.fr\/annuaires\/wp-json\/wp\/v2\/posts\/6070\/revisions\/197315"}],"wp:attachment":[{"href":"https:\/\/www.lesmaconsdelacreuse.fr\/annuaires\/wp-json\/wp\/v2\/media?parent=6070"}],"wp:term":[{"taxonomy":"category","embeddable":true,"href":"https:\/\/www.lesmaconsdelacreuse.fr\/annuaires\/wp-json\/wp\/v2\/categories?post=6070"},{"taxonomy":"post_tag","embeddable":true,"href":"https:\/\/www.lesmaconsdelacreuse.fr\/annuaires\/wp-json\/wp\/v2\/tags?post=6070"}],"curies":[{"name":"wp","href":"https:\/\/api.w.org\/{rel}","templated":true}]}}