{"id":6073,"date":"2019-07-28T13:42:14","date_gmt":"2019-07-28T11:42:14","guid":{"rendered":"http:\/\/lesmaconsdelacreuse.fr\/annuaire\/?p=6073"},"modified":"2020-10-03T08:44:34","modified_gmt":"2020-10-03T06:44:34","slug":"l_519","status":"publish","type":"post","link":"https:\/\/www.lesmaconsdelacreuse.fr\/annuaires\/lettre-l\/l_519\/","title":{"rendered":"LAUDINAS Georges (1789-1866)"},"content":{"rendered":"<p class=\"last-updated\"><strong>Mis \u00e0 jour le :<\/strong> 25\/04\/2026<\/p><h2 style=\"text-align: center;\"><strong>Georges LAUDINAS<\/strong><\/h2>\n<p style=\"text-align: center;\"><strong>1789- 1866<\/strong><\/p>\n<p style=\"text-align: center;\"><img decoding=\"async\" title=\"\" src=\"https:\/\/lesmaconsdelacreuse.fr\/annuaire\/wp-content\/uploads\/2019\/07\/image1-1434.jpg\" alt=\"\" data-source-id=\"i.0\" data-asset-id=\"6072\" \/><\/p>\n<h4 style=\"text-align: center;\"><span style=\"color: #008000;\"><strong>ma\u00e7on <\/strong>et <strong>propri\u00e9taire cultivateur<\/strong><\/span><\/h4>\n<p>&nbsp;<\/p>\n<p style=\"text-align: center;\">n\u00e9 \u00e0 Favareillas (Saint-Martin-Ch\u00e2teau)<\/p>\n<p style=\"text-align: center;\">le 1er septembre 1789, <em>selon \u25ba<a href=\"https:\/\/www.lesmaconsdelacreuse.fr\/annuaires\/wp-content\/uploads\/2019\/08\/ACTE-DE-NOTORI\u00c9T\u00c9.png\" target=\"_blank\" rel=\"noopener noreferrer\">acte de notori\u00e9t\u00e9<\/a><br \/>\n<\/em><\/p>\n<p style=\"text-align: center;\">Fran\u00e7ois LAUDINAS \/ L\u00e9onarde CL\u00c9MENT<\/p>\n<p style=\"text-align: center;\">cultivateurs<\/p>\n<p style=\"text-align: center;\"><span style=\"color: #ffffff;\">\u25d9<\/span><\/p>\n<p><em>Conscrit de <\/em><strong>1809<\/strong><em>, Georges est r\u00e9form\u00e9 pour d\u00e9faut de taille (1m43).<\/em><\/p>\n<p><em>Il \u00e9pouse L\u00e9onarde <\/em><strong>SARRUT<\/strong><em> le 8 juin <\/em><strong>1812<\/strong><em> \u00e0 Peyrat-le-Ch\u00e2teau (87 &#8211; contrat Defournoux). Ils habitent Favareillas. <\/em><\/p>\n<p><strong>En 1827<\/strong><em>, Georges travaille \u00e0 <\/em><span style=\"color: #0000ff;\"><strong>Millery (69)<\/strong><\/span><em>, habitant chez Henri Chappuis, ma\u00eetre ma\u00e7on.<\/em><\/p>\n<p><em> Les \u00e9poux d\u00e9c\u00e8dent \u00e0 Favareillas\u00a0:<\/em><\/p>\n<ul>\n<li><em>Georges, le 1er d\u00e9cembre <\/em><strong>1866<\/strong><em>, \u00e2g\u00e9 de 77 ans<\/em><\/li>\n<li><em>Marie, le 3 septembre <\/em><strong>1868<\/strong><em>, \u00e2g\u00e9e de 74 ans<\/em><\/li>\n<\/ul>\n<p>&nbsp;<\/p>\n","protected":false},"excerpt":{"rendered":"<p>Mis \u00e0 jour le : 25\/04\/2026Georges LAUDINAS 1789- 1866 ma\u00e7on et propri\u00e9taire cultivateur &nbsp; n\u00e9 \u00e0 Favareillas (Saint-Martin-Ch\u00e2teau) le 1er septembre 1789, selon \u25baacte de notori\u00e9t\u00e9 Fran\u00e7ois LAUDINAS \/ L\u00e9onarde CL\u00c9MENT cultivateurs \u25d9 Conscrit de 1809, Georges est r\u00e9form\u00e9 pour d\u00e9faut de taille (1m43). Il \u00e9pouse L\u00e9onarde SARRUT le 8 juin 1812 \u00e0 Peyrat-le-Ch\u00e2teau (87 ..<\/p>\n<div class=\"clear-fix\"><\/div>\n<p><a href=\"https:\/\/www.lesmaconsdelacreuse.fr\/annuaires\/lettre-l\/l_519\/\" title=\"Lire la suite...\">Lire la suite<\/a><\/p>\n","protected":false},"author":6,"featured_media":0,"comment_status":"closed","ping_status":"closed","sticky":false,"template":"","format":"standard","meta":{"_acf_changed":false,"_exactmetrics_skip_tracking":false,"_exactmetrics_sitenote_active":false,"_exactmetrics_sitenote_note":"","_exactmetrics_sitenote_category":0,"footnotes":""},"categories":[19],"tags":[],"class_list":["post-6073","post","type-post","status-publish","format-standard","hentry","category-lettre-l"],"acf":[],"_links":{"self":[{"href":"https:\/\/www.lesmaconsdelacreuse.fr\/annuaires\/wp-json\/wp\/v2\/posts\/6073","targetHints":{"allow":["GET"]}}],"collection":[{"href":"https:\/\/www.lesmaconsdelacreuse.fr\/annuaires\/wp-json\/wp\/v2\/posts"}],"about":[{"href":"https:\/\/www.lesmaconsdelacreuse.fr\/annuaires\/wp-json\/wp\/v2\/types\/post"}],"author":[{"embeddable":true,"href":"https:\/\/www.lesmaconsdelacreuse.fr\/annuaires\/wp-json\/wp\/v2\/users\/6"}],"replies":[{"embeddable":true,"href":"https:\/\/www.lesmaconsdelacreuse.fr\/annuaires\/wp-json\/wp\/v2\/comments?post=6073"}],"version-history":[{"count":0,"href":"https:\/\/www.lesmaconsdelacreuse.fr\/annuaires\/wp-json\/wp\/v2\/posts\/6073\/revisions"}],"wp:attachment":[{"href":"https:\/\/www.lesmaconsdelacreuse.fr\/annuaires\/wp-json\/wp\/v2\/media?parent=6073"}],"wp:term":[{"taxonomy":"category","embeddable":true,"href":"https:\/\/www.lesmaconsdelacreuse.fr\/annuaires\/wp-json\/wp\/v2\/categories?post=6073"},{"taxonomy":"post_tag","embeddable":true,"href":"https:\/\/www.lesmaconsdelacreuse.fr\/annuaires\/wp-json\/wp\/v2\/tags?post=6073"}],"curies":[{"name":"wp","href":"https:\/\/api.w.org\/{rel}","templated":true}]}}