{"id":6078,"date":"2019-07-28T13:42:14","date_gmt":"2019-07-28T11:42:14","guid":{"rendered":"http:\/\/lesmaconsdelacreuse.fr\/annuaire\/?p=6078"},"modified":"2022-01-12T12:10:29","modified_gmt":"2022-01-12T11:10:29","slug":"l_518","status":"publish","type":"post","link":"https:\/\/www.lesmaconsdelacreuse.fr\/annuaires\/lettre-l\/l_518\/","title":{"rendered":"LAUDINAT Fran\u00e7ois (1891-1973)"},"content":{"rendered":"<p class=\"last-updated\"><strong>Mis \u00e0 jour le :<\/strong> 25\/04\/2026<\/p><h2 style=\"text-align: center;\"><strong>Fran\u00e7ois LAUDINAT<\/strong><\/h2>\n<p style=\"text-align: center;\"><strong>1891 \u2013 1973<\/strong><\/p>\n<p style=\"text-align: center;\"><img decoding=\"async\" title=\"\" src=\"https:\/\/lesmaconsdelacreuse.fr\/annuaire\/wp-content\/uploads\/2019\/07\/image1-1436.jpg\" alt=\"\" data-source-id=\"i.0\" data-asset-id=\"6076\" \/><\/p>\n<h4 style=\"text-align: center;\"><span style=\"color: #008000;\"><strong>entrepreneur<\/strong><\/span><\/h4>\n<p style=\"text-align: center;\">n\u00e9 \u00e0 La Cour-de-Rozet (Saint-Pardoux-Lavaud)<\/p>\n<p style=\"text-align: center;\">le 13 avril 1891<\/p>\n<p style=\"text-align: center;\">fils naturel de<\/p>\n<p style=\"text-align: center;\">Augustine LAUDINAT<\/p>\n<p style=\"text-align: center;\"><span style=\"color: #ffffff;\">\u25d9<\/span><\/p>\n<p><strong>En 1912<\/strong><em>, Fran\u00e7ois, <\/em><span style=\"color: #008000;\"><strong>ma\u00e7on<\/strong><\/span><em>,\u00a0 travaille dans la <\/em><span style=\"color: #0000ff;\"><strong>Seine (75)<\/strong><\/span><em> et y passe le conseil de r\u00e9vision.<\/em><\/p>\n<p><em> Il \u00e9pouse H\u00e9l\u00e8ne <\/em><strong>VALADAS<\/strong><em> le 15 avril <\/em><strong>1916<\/strong><em> \u00e0 Saint-Pardoux-Lavaud.<\/em><\/p>\n<p><em>Il s\u2019installe \u00e0 <\/em><span style=\"color: #0000ff;\"><strong>Rodez (12)<\/strong><\/span><em> et habite\u00a0:<\/em><\/p>\n<p><strong>en 1919<\/strong><em>, 13, rue Bonald\u00a0;<\/em><\/p>\n<p><strong>en 1923<\/strong><em>, 30, m\u00eame rue;<\/em><\/p>\n<p><strong>en 1934<\/strong><em>, il est <\/em><span style=\"color: #008000;\"><strong>entrepreneur<\/strong><\/span><em>, rue de l\u2019Amphith\u00e9\u00e2tre.<\/em><\/p>\n<p><em>Il d\u00e9c\u00e8de \u00e0 Rodez le 13 mars <\/em><strong>1973<\/strong><em>, \u00e2g\u00e9 de 81 ans.<\/em><\/p>\n","protected":false},"excerpt":{"rendered":"<p>Mis \u00e0 jour le : 25\/04\/2026Fran\u00e7ois LAUDINAT 1891 \u2013 1973 entrepreneur n\u00e9 \u00e0 La Cour-de-Rozet (Saint-Pardoux-Lavaud) le 13 avril 1891 fils naturel de Augustine LAUDINAT \u25d9 En 1912, Fran\u00e7ois, ma\u00e7on,\u00a0 travaille dans la Seine (75) et y passe le conseil de r\u00e9vision. Il \u00e9pouse H\u00e9l\u00e8ne VALADAS le 15 avril 1916 \u00e0 Saint-Pardoux-Lavaud. Il s\u2019installe \u00e0 ..<\/p>\n<div class=\"clear-fix\"><\/div>\n<p><a href=\"https:\/\/www.lesmaconsdelacreuse.fr\/annuaires\/lettre-l\/l_518\/\" title=\"Lire la suite...\">Lire la suite<\/a><\/p>\n","protected":false},"author":6,"featured_media":0,"comment_status":"closed","ping_status":"closed","sticky":false,"template":"","format":"standard","meta":{"_acf_changed":false,"_exactmetrics_skip_tracking":false,"_exactmetrics_sitenote_active":false,"_exactmetrics_sitenote_note":"","_exactmetrics_sitenote_category":0,"footnotes":""},"categories":[19],"tags":[],"class_list":["post-6078","post","type-post","status-publish","format-standard","hentry","category-lettre-l"],"acf":[],"_links":{"self":[{"href":"https:\/\/www.lesmaconsdelacreuse.fr\/annuaires\/wp-json\/wp\/v2\/posts\/6078","targetHints":{"allow":["GET"]}}],"collection":[{"href":"https:\/\/www.lesmaconsdelacreuse.fr\/annuaires\/wp-json\/wp\/v2\/posts"}],"about":[{"href":"https:\/\/www.lesmaconsdelacreuse.fr\/annuaires\/wp-json\/wp\/v2\/types\/post"}],"author":[{"embeddable":true,"href":"https:\/\/www.lesmaconsdelacreuse.fr\/annuaires\/wp-json\/wp\/v2\/users\/6"}],"replies":[{"embeddable":true,"href":"https:\/\/www.lesmaconsdelacreuse.fr\/annuaires\/wp-json\/wp\/v2\/comments?post=6078"}],"version-history":[{"count":2,"href":"https:\/\/www.lesmaconsdelacreuse.fr\/annuaires\/wp-json\/wp\/v2\/posts\/6078\/revisions"}],"predecessor-version":[{"id":193955,"href":"https:\/\/www.lesmaconsdelacreuse.fr\/annuaires\/wp-json\/wp\/v2\/posts\/6078\/revisions\/193955"}],"wp:attachment":[{"href":"https:\/\/www.lesmaconsdelacreuse.fr\/annuaires\/wp-json\/wp\/v2\/media?parent=6078"}],"wp:term":[{"taxonomy":"category","embeddable":true,"href":"https:\/\/www.lesmaconsdelacreuse.fr\/annuaires\/wp-json\/wp\/v2\/categories?post=6078"},{"taxonomy":"post_tag","embeddable":true,"href":"https:\/\/www.lesmaconsdelacreuse.fr\/annuaires\/wp-json\/wp\/v2\/tags?post=6078"}],"curies":[{"name":"wp","href":"https:\/\/api.w.org\/{rel}","templated":true}]}}