{"id":6080,"date":"2019-07-28T13:42:14","date_gmt":"2019-07-28T11:42:14","guid":{"rendered":"http:\/\/lesmaconsdelacreuse.fr\/annuaire\/?p=6080"},"modified":"2020-09-06T13:29:14","modified_gmt":"2020-09-06T11:29:14","slug":"l_502","status":"publish","type":"post","link":"https:\/\/www.lesmaconsdelacreuse.fr\/annuaires\/lettre-l\/l_502\/","title":{"rendered":"LASFARGEAS Andr\u00e9 (1875-apr\u00e8s 1919)"},"content":{"rendered":"<p class=\"last-updated\"><strong>Mis \u00e0 jour le :<\/strong> 25\/04\/2026<\/p><h2 style=\"text-align: center;\"><strong>Andr\u00e9 LASFARGEAS<\/strong><\/h2>\n<p style=\"text-align: center;\"><strong>1875 \u2013 apr\u00e8s 1919<\/strong><\/p>\n<p><a href=\"https:\/\/www.lesmaconsdelacreuse.fr\/annuaires\/wp-content\/uploads\/2019\/07\/lasfargeas.jpg\"><img loading=\"lazy\" decoding=\"async\" class=\"size-full wp-image-178180 aligncenter\" src=\"https:\/\/www.lesmaconsdelacreuse.fr\/annuaires\/wp-content\/uploads\/2019\/07\/lasfargeas.jpg\" alt=\"\" width=\"181\" height=\"58\" srcset=\"https:\/\/www.lesmaconsdelacreuse.fr\/annuaires\/wp-content\/uploads\/2019\/07\/lasfargeas.jpg 181w, https:\/\/www.lesmaconsdelacreuse.fr\/annuaires\/wp-content\/uploads\/2019\/07\/lasfargeas-150x48.jpg 150w\" sizes=\"auto, (max-width: 181px) 100vw, 181px\" \/><\/a><\/p>\n<p>&nbsp;<\/p>\n<p style=\"text-align: center;\">\n<h4 style=\"text-align: center;\"><span style=\"color: #008000;\"><strong>ma\u00e7on<\/strong><\/span><\/h4>\n<p style=\"text-align: center;\">n\u00e9 au bourg de Saint-Moreil<\/p>\n<p style=\"text-align: center;\">le 19 juillet 1875<\/p>\n<p style=\"text-align: center;\">fils de<\/p>\n<p style=\"text-align: center;\">Jean LASFARGEAS, <span style=\"color: #008000;\"><strong>ma\u00e7on<\/strong><\/span><\/p>\n<p style=\"text-align: center;\">Marie BORNE, cultivatrice<\/p>\n<p style=\"text-align: center;\"><span style=\"color: #ffffff;\">\u25d9<\/span><\/p>\n<p><strong>En 1896<\/strong><em>, Andr\u00e9 travaille dans le <\/em><span style=\"color: #0000ff;\"><strong>Rh\u00f4ne <\/strong><\/span><em>et y passe le conseil de r\u00e9vision.<\/em><\/p>\n<p><strong>En 1899<\/strong><em><strong>,<\/strong> il est \u00e0 <\/em><span style=\"color: #0000ff;\"><strong>Lyon (69)<\/strong><\/span><em> 11, rue Moncey\u00a0;<\/em><\/p>\n<p><strong>en 1901<\/strong><em>, \u00e0 <\/em><span style=\"color: #0000ff;\"><strong>Saint-Symphorien-d\u2019Ozon (69) <\/strong><\/span><em>;<\/em><\/p>\n<p><strong>en 1903<\/strong><em>, de nouveau \u00e0 Lyon, 144, rue Pierre Corneille.<\/em><\/p>\n<p><em> Il \u00e9pouse le 18 f\u00e9vrier <\/em><strong>1905<\/strong><em> \u00e0 Lyon 3e Anne <\/em><strong>TRARIEUX<\/strong><em>, n\u00e9e \u00e0 Nedde (87), fille de ma\u00e7on (mari\u00e9s sans contrat).<\/em><\/p>\n<p><em>La m\u00eame ann\u00e9e, ils habitent Lyon, 18, rue Clos Suiphon.<\/em><\/p>\n<p><em>Anne d\u00e9c\u00e8de \u00e0 cette adresse le 15 juin <\/em><strong>1907<\/strong><em>, \u00e2g\u00e9e de 21 ans. <\/em><\/p>\n<p>En septembre 1907 et d\u00e9but <strong>1910<\/strong><em>, Andr\u00e9 habite 211, rue Boileau.<\/em><\/p>\n<p><em>Il se remarie, le 29 janvier <\/em>1910<em>, toujours \u00e0 Lyon 3e, avec Jeanne <\/em><strong>PEYCLIT <\/strong><em>(mari\u00e9s sans contrat)\u00a0.<\/em><\/p>\n<p><strong>En 1910 et 1911<\/strong><em>, ils habitent 25, rue Moncey\u00a0;<\/em><\/p>\n<p><strong>en 1919<\/strong><em>, 8, rue Clos Suiphon.<\/em><\/p>\n<p>&nbsp;<\/p>\n","protected":false},"excerpt":{"rendered":"<p>Mis \u00e0 jour le : 25\/04\/2026Andr\u00e9 LASFARGEAS 1875 \u2013 apr\u00e8s 1919 &nbsp; ma\u00e7on n\u00e9 au bourg de Saint-Moreil le 19 juillet 1875 fils de Jean LASFARGEAS, ma\u00e7on Marie BORNE, cultivatrice \u25d9 En 1896, Andr\u00e9 travaille dans le Rh\u00f4ne et y passe le conseil de r\u00e9vision. En 1899, il est \u00e0 Lyon (69) 11, rue Moncey\u00a0; ..<\/p>\n<div class=\"clear-fix\"><\/div>\n<p><a href=\"https:\/\/www.lesmaconsdelacreuse.fr\/annuaires\/lettre-l\/l_502\/\" title=\"Lire la suite...\">Lire la suite<\/a><\/p>\n","protected":false},"author":6,"featured_media":0,"comment_status":"closed","ping_status":"closed","sticky":false,"template":"","format":"standard","meta":{"_acf_changed":false,"_exactmetrics_skip_tracking":false,"_exactmetrics_sitenote_active":false,"_exactmetrics_sitenote_note":"","_exactmetrics_sitenote_category":0,"footnotes":""},"categories":[19],"tags":[],"class_list":["post-6080","post","type-post","status-publish","format-standard","hentry","category-lettre-l"],"acf":[],"_links":{"self":[{"href":"https:\/\/www.lesmaconsdelacreuse.fr\/annuaires\/wp-json\/wp\/v2\/posts\/6080","targetHints":{"allow":["GET"]}}],"collection":[{"href":"https:\/\/www.lesmaconsdelacreuse.fr\/annuaires\/wp-json\/wp\/v2\/posts"}],"about":[{"href":"https:\/\/www.lesmaconsdelacreuse.fr\/annuaires\/wp-json\/wp\/v2\/types\/post"}],"author":[{"embeddable":true,"href":"https:\/\/www.lesmaconsdelacreuse.fr\/annuaires\/wp-json\/wp\/v2\/users\/6"}],"replies":[{"embeddable":true,"href":"https:\/\/www.lesmaconsdelacreuse.fr\/annuaires\/wp-json\/wp\/v2\/comments?post=6080"}],"version-history":[{"count":0,"href":"https:\/\/www.lesmaconsdelacreuse.fr\/annuaires\/wp-json\/wp\/v2\/posts\/6080\/revisions"}],"wp:attachment":[{"href":"https:\/\/www.lesmaconsdelacreuse.fr\/annuaires\/wp-json\/wp\/v2\/media?parent=6080"}],"wp:term":[{"taxonomy":"category","embeddable":true,"href":"https:\/\/www.lesmaconsdelacreuse.fr\/annuaires\/wp-json\/wp\/v2\/categories?post=6080"},{"taxonomy":"post_tag","embeddable":true,"href":"https:\/\/www.lesmaconsdelacreuse.fr\/annuaires\/wp-json\/wp\/v2\/tags?post=6080"}],"curies":[{"name":"wp","href":"https:\/\/api.w.org\/{rel}","templated":true}]}}