{"id":6084,"date":"2019-07-28T13:42:13","date_gmt":"2019-07-28T11:42:13","guid":{"rendered":"http:\/\/lesmaconsdelacreuse.fr\/annuaire\/?p=6084"},"modified":"2020-01-20T11:26:45","modified_gmt":"2020-01-20T10:26:45","slug":"l_503","status":"publish","type":"post","link":"https:\/\/www.lesmaconsdelacreuse.fr\/annuaires\/lettre-l\/l_503\/","title":{"rendered":"LASFARGEAS Eug\u00e8ne (1871-1920)"},"content":{"rendered":"<p class=\"last-updated\"><strong>Mis \u00e0 jour le :<\/strong> 25\/04\/2026<\/p><h2 style=\"text-align: center;\"><strong>Eug\u00e8ne LASFARGEAS<\/strong><\/h2>\n<p style=\"text-align: center;\"><strong>1871 \u2013 1920<\/strong><\/p>\n<p style=\"text-align: center;\"><img decoding=\"async\" title=\"\" src=\"https:\/\/lesmaconsdelacreuse.fr\/annuaire\/wp-content\/uploads\/2019\/07\/image1-86.png\" alt=\"\" data-source-id=\"i.0\" data-asset-id=\"6083\" \/><\/p>\n<h4 style=\"text-align: center;\"><span style=\"color: #008000;\"><strong>ma\u00e7on<\/strong><\/span><\/h4>\n<p style=\"text-align: center;\">n\u00e9 au bourg de Saint-Moreil<\/p>\n<p style=\"text-align: center;\">le 14 septembre 1871<\/p>\n<p style=\"text-align: center;\">fils de<\/p>\n<p style=\"text-align: center;\">Jean LASFARGEAS, <span style=\"color: #008000;\"><strong>ma\u00e7on<\/strong><\/span><\/p>\n<p style=\"text-align: center;\">Marie BORNE, cultivatrice<\/p>\n<p style=\"text-align: center;\"><span style=\"color: #ffffff;\">\u25d9<\/span><\/p>\n<p><strong>En 1892<\/strong><em>, Eug\u00e8ne travaille dans le <\/em><strong><span style=\"color: #0000ff;\">Rh\u00f4ne<\/span> <\/strong><em>et y passe le conseil de r\u00e9vision.<\/em><\/p>\n<p><strong>En 1895<\/strong><em>, il est \u00e0 <\/em><span style=\"color: #0000ff;\"><strong>Oullins (69)<\/strong><\/span><em>, 134, Grande Rue\u00a0;<\/em><\/p>\n<p><strong>en 1896<\/strong><em>, \u00e0 <\/em><span style=\"color: #0000ff;\"><strong>Lyon (69)<\/strong><\/span><em>, 11, rue Moncey\u00a0;<\/em><\/p>\n<p><strong>en 1903<\/strong><em>, \u00e0 <\/em><span style=\"color: #0000ff;\"><strong>Tarare (69)<\/strong><\/span><em>\u00a0;<\/em><\/p>\n<p><strong>en 1906<\/strong><em>, \u00e0 <\/em><span style=\"color: #0000ff;\"><strong>Villefranche (69)<\/strong><\/span><em>, 7, rue Monplaisir\u00a0;<\/em><\/p>\n<p><strong>en 1909<\/strong><em>, \u00e0 Lyon, 100, rue Mazenod, 3e arrondissement.<\/em><\/p>\n<p><em>Il \u00e9pouse Claudine Jos\u00e9phine <\/em><strong>CATIN<\/strong><em> le 8 ao\u00fbt <\/em><strong>1911<\/strong><em> \u00e0 Lyon 3e (mari\u00e9s sans contrat). Il habite \u00e0 l\u2019adresse de 1909.<\/em><\/p>\n<p><em>Eug\u00e8ne d\u00e9c\u00e8de \u00e0 cette adresse le 2 d\u00e9cembre <\/em><strong>1920<\/strong><em>, \u00e2g\u00e9 de 49 ans.<\/em><\/p>\n","protected":false},"excerpt":{"rendered":"<p>Mis \u00e0 jour le : 25\/04\/2026Eug\u00e8ne LASFARGEAS 1871 \u2013 1920 ma\u00e7on n\u00e9 au bourg de Saint-Moreil le 14 septembre 1871 fils de Jean LASFARGEAS, ma\u00e7on Marie BORNE, cultivatrice \u25d9 En 1892, Eug\u00e8ne travaille dans le Rh\u00f4ne et y passe le conseil de r\u00e9vision. En 1895, il est \u00e0 Oullins (69), 134, Grande Rue\u00a0; en 1896, ..<\/p>\n<div class=\"clear-fix\"><\/div>\n<p><a href=\"https:\/\/www.lesmaconsdelacreuse.fr\/annuaires\/lettre-l\/l_503\/\" title=\"Lire la suite...\">Lire la suite<\/a><\/p>\n","protected":false},"author":6,"featured_media":0,"comment_status":"closed","ping_status":"closed","sticky":false,"template":"","format":"standard","meta":{"_acf_changed":false,"_exactmetrics_skip_tracking":false,"_exactmetrics_sitenote_active":false,"_exactmetrics_sitenote_note":"","_exactmetrics_sitenote_category":0,"footnotes":""},"categories":[19],"tags":[],"class_list":["post-6084","post","type-post","status-publish","format-standard","hentry","category-lettre-l"],"acf":[],"_links":{"self":[{"href":"https:\/\/www.lesmaconsdelacreuse.fr\/annuaires\/wp-json\/wp\/v2\/posts\/6084","targetHints":{"allow":["GET"]}}],"collection":[{"href":"https:\/\/www.lesmaconsdelacreuse.fr\/annuaires\/wp-json\/wp\/v2\/posts"}],"about":[{"href":"https:\/\/www.lesmaconsdelacreuse.fr\/annuaires\/wp-json\/wp\/v2\/types\/post"}],"author":[{"embeddable":true,"href":"https:\/\/www.lesmaconsdelacreuse.fr\/annuaires\/wp-json\/wp\/v2\/users\/6"}],"replies":[{"embeddable":true,"href":"https:\/\/www.lesmaconsdelacreuse.fr\/annuaires\/wp-json\/wp\/v2\/comments?post=6084"}],"version-history":[{"count":0,"href":"https:\/\/www.lesmaconsdelacreuse.fr\/annuaires\/wp-json\/wp\/v2\/posts\/6084\/revisions"}],"wp:attachment":[{"href":"https:\/\/www.lesmaconsdelacreuse.fr\/annuaires\/wp-json\/wp\/v2\/media?parent=6084"}],"wp:term":[{"taxonomy":"category","embeddable":true,"href":"https:\/\/www.lesmaconsdelacreuse.fr\/annuaires\/wp-json\/wp\/v2\/categories?post=6084"},{"taxonomy":"post_tag","embeddable":true,"href":"https:\/\/www.lesmaconsdelacreuse.fr\/annuaires\/wp-json\/wp\/v2\/tags?post=6084"}],"curies":[{"name":"wp","href":"https:\/\/api.w.org\/{rel}","templated":true}]}}