{"id":6088,"date":"2019-07-28T13:42:13","date_gmt":"2019-07-28T11:42:13","guid":{"rendered":"http:\/\/lesmaconsdelacreuse.fr\/annuaire\/?p=6088"},"modified":"2020-10-14T09:58:55","modified_gmt":"2020-10-14T07:58:55","slug":"l_525","status":"publish","type":"post","link":"https:\/\/www.lesmaconsdelacreuse.fr\/annuaires\/lettre-l\/l_525\/","title":{"rendered":"LAUDINAS Georges (1845-1878)"},"content":{"rendered":"<p class=\"last-updated\"><strong>Mis \u00e0 jour le :<\/strong> 25\/04\/2026<\/p><h2 style=\"text-align: center;\"><strong>Georges LAUDINAS<\/strong><\/h2>\n<p style=\"text-align: center;\"><strong>Georges Eug\u00e8ne LAUDINAS<\/strong><\/p>\n<p style=\"text-align: center;\"><strong>1845 \u2013 1878<\/strong><\/p>\n<p style=\"text-align: center;\"><img decoding=\"async\" title=\"\" src=\"https:\/\/lesmaconsdelacreuse.fr\/annuaire\/wp-content\/uploads\/2019\/07\/image1-87.png\" alt=\"\" data-source-id=\"i.0\" data-asset-id=\"6086\" \/><\/p>\n<h4 style=\"text-align: center;\"><strong><span style=\"color: #008000;\">\u25ba\u00a0<a href=\"https:\/\/www.lesmaconsdelacreuse.fr\/annuaires\/wp-content\/uploads\/2020\/07\/MA\u00ceTRE-MA\u00c7ON.png\" target=\"_blank\" rel=\"noopener noreferrer\"><span style=\"color: #008000;\">ma\u00eetre ma\u00e7on<\/span><\/a><\/span><\/strong><\/h4>\n<p>&nbsp;<\/p>\n<p style=\"text-align: center;\">n\u00e9 \u00e0 Favareillas (Saint-Martin-Ch\u00e2teau)<\/p>\n<p style=\"text-align: center;\">le 3 novembre 1845<\/p>\n<p style=\"text-align: center;\">fils de<\/p>\n<p style=\"text-align: center;\">Georges LAUDINAS, <span style=\"color: #008000;\"><strong>ma\u00e7on<\/strong><\/span><\/p>\n<p style=\"text-align: center;\">Anne LEROUSSEAU, cultivatrice<\/p>\n<p style=\"text-align: center;\"><span style=\"color: #ffffff;\">\u25d9<\/span><\/p>\n<p><strong>En 1870<\/strong><em>, Georges travaille \u00e0 <\/em><span style=\"color: #008000;\"><strong>Millery (69)<\/strong><\/span><em> .<\/em><\/p>\n<p><em>Il y \u00e9pouse Marie-Louise <\/em><strong>TISSOT<\/strong><em>, <strong>\u25ba<\/strong><a href=\"https:\/\/www.lesmaconsdelacreuse.fr\/annuaires\/wp-content\/uploads\/2020\/08\/LING\u00c8RE.png\" target=\"_blank\" rel=\"noopener noreferrer\">ling\u00e8re<\/a>, le 27 mai de la m\u00eame ann\u00e9e<\/em> <em>(contrat Targe). <\/em><\/p>\n<p><em>Il d\u00e9c\u00e8de \u00e0 Favareillas le 9 janvier <\/em><strong>1878<\/strong>,<em> \u00e2g\u00e9 de 32 ans. <\/em><\/p>\n<p><strong>En 1899<\/strong><em>, sa veuve habite Lyon 7, rue S\u00e9bastien, apr\u00e8s avoir \u00e9t\u00e9 69, cours Gambetta\u00a0.<\/em><\/p>\n<p>&nbsp;<\/p>\n","protected":false},"excerpt":{"rendered":"<p>Mis \u00e0 jour le : 25\/04\/2026Georges LAUDINAS Georges Eug\u00e8ne LAUDINAS 1845 \u2013 1878 \u25ba\u00a0ma\u00eetre ma\u00e7on &nbsp; n\u00e9 \u00e0 Favareillas (Saint-Martin-Ch\u00e2teau) le 3 novembre 1845 fils de Georges LAUDINAS, ma\u00e7on Anne LEROUSSEAU, cultivatrice \u25d9 En 1870, Georges travaille \u00e0 Millery (69) . Il y \u00e9pouse Marie-Louise TISSOT, \u25baling\u00e8re, le 27 mai de la m\u00eame ann\u00e9e (contrat ..<\/p>\n<div class=\"clear-fix\"><\/div>\n<p><a href=\"https:\/\/www.lesmaconsdelacreuse.fr\/annuaires\/lettre-l\/l_525\/\" title=\"Lire la suite...\">Lire la suite<\/a><\/p>\n","protected":false},"author":6,"featured_media":0,"comment_status":"closed","ping_status":"closed","sticky":false,"template":"","format":"standard","meta":{"_acf_changed":false,"_exactmetrics_skip_tracking":false,"_exactmetrics_sitenote_active":false,"_exactmetrics_sitenote_note":"","_exactmetrics_sitenote_category":0,"footnotes":""},"categories":[19],"tags":[],"class_list":["post-6088","post","type-post","status-publish","format-standard","hentry","category-lettre-l"],"acf":[],"_links":{"self":[{"href":"https:\/\/www.lesmaconsdelacreuse.fr\/annuaires\/wp-json\/wp\/v2\/posts\/6088","targetHints":{"allow":["GET"]}}],"collection":[{"href":"https:\/\/www.lesmaconsdelacreuse.fr\/annuaires\/wp-json\/wp\/v2\/posts"}],"about":[{"href":"https:\/\/www.lesmaconsdelacreuse.fr\/annuaires\/wp-json\/wp\/v2\/types\/post"}],"author":[{"embeddable":true,"href":"https:\/\/www.lesmaconsdelacreuse.fr\/annuaires\/wp-json\/wp\/v2\/users\/6"}],"replies":[{"embeddable":true,"href":"https:\/\/www.lesmaconsdelacreuse.fr\/annuaires\/wp-json\/wp\/v2\/comments?post=6088"}],"version-history":[{"count":0,"href":"https:\/\/www.lesmaconsdelacreuse.fr\/annuaires\/wp-json\/wp\/v2\/posts\/6088\/revisions"}],"wp:attachment":[{"href":"https:\/\/www.lesmaconsdelacreuse.fr\/annuaires\/wp-json\/wp\/v2\/media?parent=6088"}],"wp:term":[{"taxonomy":"category","embeddable":true,"href":"https:\/\/www.lesmaconsdelacreuse.fr\/annuaires\/wp-json\/wp\/v2\/categories?post=6088"},{"taxonomy":"post_tag","embeddable":true,"href":"https:\/\/www.lesmaconsdelacreuse.fr\/annuaires\/wp-json\/wp\/v2\/tags?post=6088"}],"curies":[{"name":"wp","href":"https:\/\/api.w.org\/{rel}","templated":true}]}}