{"id":6091,"date":"2019-07-28T13:42:13","date_gmt":"2019-07-28T11:42:13","guid":{"rendered":"http:\/\/lesmaconsdelacreuse.fr\/annuaire\/?p=6091"},"modified":"2022-02-08T11:48:14","modified_gmt":"2022-02-08T10:48:14","slug":"l_506","status":"publish","type":"post","link":"https:\/\/www.lesmaconsdelacreuse.fr\/annuaires\/lettre-l\/l_506\/","title":{"rendered":"LASFARGEAS Jean (1869-1950)"},"content":{"rendered":"<p class=\"last-updated\"><strong>Mis \u00e0 jour le :<\/strong> 25\/04\/2026<\/p><h2 style=\"text-align: center;\"><strong>Jean LASFARGEAS<\/strong><\/h2>\n<p style=\"text-align: center;\"><strong>1869 \u2013 1950<\/strong><\/p>\n<p style=\"text-align: center;\"><img decoding=\"async\" title=\"\" src=\"https:\/\/lesmaconsdelacreuse.fr\/annuaire\/wp-content\/uploads\/2019\/07\/image1-1439.jpg\" alt=\"\" data-source-id=\"i.0\" data-asset-id=\"6089\" \/><\/p>\n<h4 style=\"text-align: center;\"><span style=\"color: #008000;\"><strong>ma\u00e7on<\/strong><\/span><\/h4>\n<p style=\"text-align: center;\">n\u00e9 au bourg de Saint-Moreil<\/p>\n<p style=\"text-align: center;\">le 17 novembre 1869<\/p>\n<p style=\"text-align: center;\">fils de<\/p>\n<p style=\"text-align: center;\">Jean LASFARGEAS, <span style=\"color: #008000;\"><strong>ma\u00e7on<\/strong><\/span><\/p>\n<p style=\"text-align: center;\">Anne BORNE, cultivatrice<\/p>\n<p style=\"text-align: center;\"><span style=\"color: #ffffff;\">\u25d9<\/span><\/p>\n<p><strong>En 1892<\/strong><em>, Jean travaille \u00e0 <\/em><span style=\"color: #0000ff;\"><strong>Lyon (69)<\/strong><\/span><em> et habite 16, rue de B\u00e9arn.<\/em><\/p>\n<p><em>Il \u00e9pouse Marceline <\/em><strong>TRONCHET<\/strong><em> le 16 f\u00e9vrier <\/em><strong>1895<\/strong><em> \u00e0 Peyrat-le-Ch\u00e2teau (87 \u2013 contrat Brenac \u00e0 Eymoutiers). Ils habitent le bourg de Saint-Moreil.<\/em><\/p>\n<p><strong>En 1897<\/strong>, <em>le couple est \u00e0<\/em> <span style=\"color: #0000ff;\"><strong>Saint-Nizier-d&rsquo;Azergues (69)<\/strong><\/span>;<\/p>\n<p><strong>en 1898<\/strong><em>,\u00a0 \u00e0 <\/em><strong><span style=\"color: #0000ff;\">Chambilly (71)<\/span>\u00a0<\/strong><em>;<\/em><\/p>\n<p><strong>en 1902<\/strong><em> \u00e0 <\/em><span style=\"color: #0000ff;\"><strong>Tarare (69)<\/strong><\/span><em>.<\/em><\/p>\n<p><em>Les \u00e9poux d\u00e9c\u00e8dent\u00a0:<\/em><\/p>\n<ul>\n<li><em> Marceline, \u00e0 Saint-Moreil, le 11 d\u00e9cembre <\/em><strong>1914<\/strong><em>, \u00e2g\u00e9e de 35 ans<\/em><\/li>\n<li><em> Jean, au D\u00e9bat, commune de Moissannes, le 21 juin <\/em><strong>1950<\/strong><em>, \u00e2g\u00e9 de 80 ans<\/em><\/li>\n<\/ul>\n","protected":false},"excerpt":{"rendered":"<p>Mis \u00e0 jour le : 25\/04\/2026Jean LASFARGEAS 1869 \u2013 1950 ma\u00e7on n\u00e9 au bourg de Saint-Moreil le 17 novembre 1869 fils de Jean LASFARGEAS, ma\u00e7on Anne BORNE, cultivatrice \u25d9 En 1892, Jean travaille \u00e0 Lyon (69) et habite 16, rue de B\u00e9arn. Il \u00e9pouse Marceline TRONCHET le 16 f\u00e9vrier 1895 \u00e0 Peyrat-le-Ch\u00e2teau (87 \u2013 contrat ..<\/p>\n<div class=\"clear-fix\"><\/div>\n<p><a href=\"https:\/\/www.lesmaconsdelacreuse.fr\/annuaires\/lettre-l\/l_506\/\" title=\"Lire la suite...\">Lire la suite<\/a><\/p>\n","protected":false},"author":6,"featured_media":0,"comment_status":"closed","ping_status":"closed","sticky":false,"template":"","format":"standard","meta":{"_acf_changed":false,"_exactmetrics_skip_tracking":false,"_exactmetrics_sitenote_active":false,"_exactmetrics_sitenote_note":"","_exactmetrics_sitenote_category":0,"footnotes":""},"categories":[19],"tags":[],"class_list":["post-6091","post","type-post","status-publish","format-standard","hentry","category-lettre-l"],"acf":[],"_links":{"self":[{"href":"https:\/\/www.lesmaconsdelacreuse.fr\/annuaires\/wp-json\/wp\/v2\/posts\/6091","targetHints":{"allow":["GET"]}}],"collection":[{"href":"https:\/\/www.lesmaconsdelacreuse.fr\/annuaires\/wp-json\/wp\/v2\/posts"}],"about":[{"href":"https:\/\/www.lesmaconsdelacreuse.fr\/annuaires\/wp-json\/wp\/v2\/types\/post"}],"author":[{"embeddable":true,"href":"https:\/\/www.lesmaconsdelacreuse.fr\/annuaires\/wp-json\/wp\/v2\/users\/6"}],"replies":[{"embeddable":true,"href":"https:\/\/www.lesmaconsdelacreuse.fr\/annuaires\/wp-json\/wp\/v2\/comments?post=6091"}],"version-history":[{"count":2,"href":"https:\/\/www.lesmaconsdelacreuse.fr\/annuaires\/wp-json\/wp\/v2\/posts\/6091\/revisions"}],"predecessor-version":[{"id":194575,"href":"https:\/\/www.lesmaconsdelacreuse.fr\/annuaires\/wp-json\/wp\/v2\/posts\/6091\/revisions\/194575"}],"wp:attachment":[{"href":"https:\/\/www.lesmaconsdelacreuse.fr\/annuaires\/wp-json\/wp\/v2\/media?parent=6091"}],"wp:term":[{"taxonomy":"category","embeddable":true,"href":"https:\/\/www.lesmaconsdelacreuse.fr\/annuaires\/wp-json\/wp\/v2\/categories?post=6091"},{"taxonomy":"post_tag","embeddable":true,"href":"https:\/\/www.lesmaconsdelacreuse.fr\/annuaires\/wp-json\/wp\/v2\/tags?post=6091"}],"curies":[{"name":"wp","href":"https:\/\/api.w.org\/{rel}","templated":true}]}}