{"id":6095,"date":"2019-07-28T13:42:13","date_gmt":"2019-07-28T11:42:13","guid":{"rendered":"http:\/\/lesmaconsdelacreuse.fr\/annuaire\/?p=6095"},"modified":"2022-04-08T19:58:22","modified_gmt":"2022-04-08T17:58:22","slug":"l_505","status":"publish","type":"post","link":"https:\/\/www.lesmaconsdelacreuse.fr\/annuaires\/lettre-l\/l_505\/","title":{"rendered":"LASFARGEAS Jean (1848-1926)"},"content":{"rendered":"<p class=\"last-updated\"><strong>Mis \u00e0 jour le :<\/strong> 25\/04\/2026<\/p><h2 style=\"text-align: center;\"><strong>Jean LASFARGEAS<\/strong><\/h2>\n<p style=\"text-align: center;\"><strong>1848 \u2013 1926<\/strong><\/p>\n<p style=\"text-align: center;\"><img decoding=\"async\" title=\"\" src=\"https:\/\/lesmaconsdelacreuse.fr\/annuaire\/wp-content\/uploads\/2019\/07\/image1-1442.jpg\" alt=\"\" data-source-id=\"i.0\" data-asset-id=\"6094\" \/><\/p>\n<h4 style=\"text-align: center;\"><span style=\"color: #008000;\"><strong>ma\u00e7on <\/strong>et<strong> cultivateur<\/strong><\/span><\/h4>\n<p style=\"text-align: center;\">n\u00e9 \u00e0 Cheissoux (Bujaleuf \u2013 87)<\/p>\n<p style=\"text-align: center;\">le 10 juin 1848<\/p>\n<p style=\"text-align: center;\">fils de<\/p>\n<p style=\"text-align: center;\">Pierre LASFARGEAS \/ Th\u00e9r\u00e8se GIRAUD<\/p>\n<p style=\"text-align: center;\"><span style=\"color: #ffffff;\">\u25d9<\/span><\/p>\n<p><em>Jean \u00e9pouse Louise <\/em><strong>CHAUM\u00c9NY <\/strong><em>le 20 juin <\/em><strong>1872<\/strong><em> \u00e0 Saint-Junien-la-Breg\u00e8re\u00a0(contrat Berger \u00e0 Bourganeuf).<\/em><\/p>\n<p><em> Ils habitent le village de Labassat, commune de Saint-Junien.<\/em><\/p>\n<p><strong>En 1901<\/strong><em>, ils sont \u00e0 P\u00e9ragoux, commune de Peyrat-le-Ch\u00e2teau.<\/em><\/p>\n<p><em>Ils d\u00e9c\u00e8dent au Mazet, m\u00eame commune:<\/em><\/p>\n<ul>\n<li><em>Louise, le 15 mars <\/em><strong>1923<\/strong><em>, \u00e2g\u00e9e de 68 ans<\/em><\/li>\n<li><em>Jean, le 25 janvier <\/em><strong>1926<\/strong><em>, \u00e2g\u00e9 de 77 ans<\/em><\/li>\n<\/ul>\n","protected":false},"excerpt":{"rendered":"<p>Mis \u00e0 jour le : 25\/04\/2026Jean LASFARGEAS 1848 \u2013 1926 ma\u00e7on et cultivateur n\u00e9 \u00e0 Cheissoux (Bujaleuf \u2013 87) le 10 juin 1848 fils de Pierre LASFARGEAS \/ Th\u00e9r\u00e8se GIRAUD \u25d9 Jean \u00e9pouse Louise CHAUM\u00c9NY le 20 juin 1872 \u00e0 Saint-Junien-la-Breg\u00e8re\u00a0(contrat Berger \u00e0 Bourganeuf). Ils habitent le village de Labassat, commune de Saint-Junien. En 1901, ..<\/p>\n<div class=\"clear-fix\"><\/div>\n<p><a href=\"https:\/\/www.lesmaconsdelacreuse.fr\/annuaires\/lettre-l\/l_505\/\" title=\"Lire la suite...\">Lire la suite<\/a><\/p>\n","protected":false},"author":6,"featured_media":0,"comment_status":"closed","ping_status":"closed","sticky":false,"template":"","format":"standard","meta":{"_acf_changed":false,"_exactmetrics_skip_tracking":false,"_exactmetrics_sitenote_active":false,"_exactmetrics_sitenote_note":"","_exactmetrics_sitenote_category":0,"footnotes":""},"categories":[19],"tags":[],"class_list":["post-6095","post","type-post","status-publish","format-standard","hentry","category-lettre-l"],"acf":[],"_links":{"self":[{"href":"https:\/\/www.lesmaconsdelacreuse.fr\/annuaires\/wp-json\/wp\/v2\/posts\/6095","targetHints":{"allow":["GET"]}}],"collection":[{"href":"https:\/\/www.lesmaconsdelacreuse.fr\/annuaires\/wp-json\/wp\/v2\/posts"}],"about":[{"href":"https:\/\/www.lesmaconsdelacreuse.fr\/annuaires\/wp-json\/wp\/v2\/types\/post"}],"author":[{"embeddable":true,"href":"https:\/\/www.lesmaconsdelacreuse.fr\/annuaires\/wp-json\/wp\/v2\/users\/6"}],"replies":[{"embeddable":true,"href":"https:\/\/www.lesmaconsdelacreuse.fr\/annuaires\/wp-json\/wp\/v2\/comments?post=6095"}],"version-history":[{"count":2,"href":"https:\/\/www.lesmaconsdelacreuse.fr\/annuaires\/wp-json\/wp\/v2\/posts\/6095\/revisions"}],"predecessor-version":[{"id":197311,"href":"https:\/\/www.lesmaconsdelacreuse.fr\/annuaires\/wp-json\/wp\/v2\/posts\/6095\/revisions\/197311"}],"wp:attachment":[{"href":"https:\/\/www.lesmaconsdelacreuse.fr\/annuaires\/wp-json\/wp\/v2\/media?parent=6095"}],"wp:term":[{"taxonomy":"category","embeddable":true,"href":"https:\/\/www.lesmaconsdelacreuse.fr\/annuaires\/wp-json\/wp\/v2\/categories?post=6095"},{"taxonomy":"post_tag","embeddable":true,"href":"https:\/\/www.lesmaconsdelacreuse.fr\/annuaires\/wp-json\/wp\/v2\/tags?post=6095"}],"curies":[{"name":"wp","href":"https:\/\/api.w.org\/{rel}","templated":true}]}}