{"id":6096,"date":"2019-07-28T13:42:13","date_gmt":"2019-07-28T11:42:13","guid":{"rendered":"http:\/\/lesmaconsdelacreuse.fr\/annuaire\/?p=6096"},"modified":"2020-10-14T09:59:45","modified_gmt":"2020-10-14T07:59:45","slug":"l_522","status":"publish","type":"post","link":"https:\/\/www.lesmaconsdelacreuse.fr\/annuaires\/lettre-l\/l_522\/","title":{"rendered":"LAUDINAS Georges (1816-1891)"},"content":{"rendered":"<p class=\"last-updated\"><strong>Mis \u00e0 jour le :<\/strong> 25\/04\/2026<\/p><h2 style=\"text-align: center;\"><strong>Georges LAUDINAS<\/strong><\/h2>\n<p style=\"text-align: center;\"><strong>1816 \u2013 1891<\/strong><\/p>\n<p style=\"text-align: center;\"><img decoding=\"async\" title=\"\" src=\"https:\/\/lesmaconsdelacreuse.fr\/annuaire\/wp-content\/uploads\/2019\/07\/image1-1441.jpg\" alt=\"\" data-source-id=\"i.0\" data-asset-id=\"6093\" \/><\/p>\n<h4 style=\"text-align: center;\"><span style=\"color: #008000;\"><strong>\u25ba\u00a0<\/strong><a style=\"color: #008000;\" href=\"https:\/\/www.lesmaconsdelacreuse.fr\/annuaires\/wp-content\/uploads\/2020\/07\/MA\u00ceTRE-MA\u00c7ON.png\" target=\"_blank\" rel=\"noopener noreferrer\"><strong>ma\u00eetre ma\u00e7on<\/strong><\/a>\u00a0et <strong>cultivateur<\/strong><\/span><\/h4>\n<p>&nbsp;<\/p>\n<p style=\"text-align: center;\">n\u00e9 \u00e0 Favareillas (Saint-Martin-Ch\u00e2teau)<\/p>\n<p style=\"text-align: center;\">le 18 septembre 1816<\/p>\n<p style=\"text-align: center;\">fils de<\/p>\n<p style=\"text-align: center;\">Georges LAUDINAS, <span style=\"color: #008000;\"><strong>ma\u00e7on <\/strong><\/span><strong>\/ <\/strong>Marie SARRUT<\/p>\n<p style=\"text-align: center;\">propri\u00e9taires cultivateurs<\/p>\n<p style=\"text-align: center;\"><span style=\"color: #ffffff;\">\u25d9<\/span><\/p>\n<p><strong>En 1836<\/strong><em>, Georges travaille \u00e0 <\/em><span style=\"color: #0000ff;\"><strong>Lyon (69)<\/strong><\/span><em>. <\/em><\/p>\n<p><em>Il \u00e9pouse Anne <\/em><strong>LEROUSSEAU<\/strong><em> le 27 f\u00e9vrier <\/em><strong>1843<\/strong><em> \u00e0 Roy\u00e8re\u00a0 (contrat Toumieux)\u00a0; il ne sait pas encore signer. Ils habitent d\u2019abord Favareillas. <\/em><\/p>\n<p><strong>En 1870<\/strong><em>, ils sont \u00e0 <\/em><span style=\"color: #0000ff;\"><strong>Millery (69)<\/strong><\/span><em>.<\/em><\/p>\n<p><em> Ils testent tous deux en <\/em><strong>1890<\/strong> <em>devant Me Magadoux de Saint-Martin-Ch\u00e2teau.<\/em><\/p>\n<p><em>Ils d\u00e9c\u00e8dent \u00e0 Favareillas\u00a0:<\/em><\/p>\n<ul>\n<li><em>Anne, le 17 f\u00e9vrier <\/em><strong>1890<\/strong><em>, \u00e2g\u00e9e de 71 ans<\/em><\/li>\n<li><em>Georges, le 2 janvier <\/em><strong>1891<\/strong><em>, \u00e2g\u00e9 de 74 ans<\/em><\/li>\n<\/ul>\n<p>&nbsp;<\/p>\n","protected":false},"excerpt":{"rendered":"<p>Mis \u00e0 jour le : 25\/04\/2026Georges LAUDINAS 1816 \u2013 1891 \u25ba\u00a0ma\u00eetre ma\u00e7on\u00a0et cultivateur &nbsp; n\u00e9 \u00e0 Favareillas (Saint-Martin-Ch\u00e2teau) le 18 septembre 1816 fils de Georges LAUDINAS, ma\u00e7on \/ Marie SARRUT propri\u00e9taires cultivateurs \u25d9 En 1836, Georges travaille \u00e0 Lyon (69). Il \u00e9pouse Anne LEROUSSEAU le 27 f\u00e9vrier 1843 \u00e0 Roy\u00e8re\u00a0 (contrat Toumieux)\u00a0; il ne sait ..<\/p>\n<div class=\"clear-fix\"><\/div>\n<p><a href=\"https:\/\/www.lesmaconsdelacreuse.fr\/annuaires\/lettre-l\/l_522\/\" title=\"Lire la suite...\">Lire la suite<\/a><\/p>\n","protected":false},"author":6,"featured_media":0,"comment_status":"closed","ping_status":"closed","sticky":false,"template":"","format":"standard","meta":{"_acf_changed":false,"_exactmetrics_skip_tracking":false,"_exactmetrics_sitenote_active":false,"_exactmetrics_sitenote_note":"","_exactmetrics_sitenote_category":0,"footnotes":""},"categories":[19],"tags":[],"class_list":["post-6096","post","type-post","status-publish","format-standard","hentry","category-lettre-l"],"acf":[],"_links":{"self":[{"href":"https:\/\/www.lesmaconsdelacreuse.fr\/annuaires\/wp-json\/wp\/v2\/posts\/6096","targetHints":{"allow":["GET"]}}],"collection":[{"href":"https:\/\/www.lesmaconsdelacreuse.fr\/annuaires\/wp-json\/wp\/v2\/posts"}],"about":[{"href":"https:\/\/www.lesmaconsdelacreuse.fr\/annuaires\/wp-json\/wp\/v2\/types\/post"}],"author":[{"embeddable":true,"href":"https:\/\/www.lesmaconsdelacreuse.fr\/annuaires\/wp-json\/wp\/v2\/users\/6"}],"replies":[{"embeddable":true,"href":"https:\/\/www.lesmaconsdelacreuse.fr\/annuaires\/wp-json\/wp\/v2\/comments?post=6096"}],"version-history":[{"count":0,"href":"https:\/\/www.lesmaconsdelacreuse.fr\/annuaires\/wp-json\/wp\/v2\/posts\/6096\/revisions"}],"wp:attachment":[{"href":"https:\/\/www.lesmaconsdelacreuse.fr\/annuaires\/wp-json\/wp\/v2\/media?parent=6096"}],"wp:term":[{"taxonomy":"category","embeddable":true,"href":"https:\/\/www.lesmaconsdelacreuse.fr\/annuaires\/wp-json\/wp\/v2\/categories?post=6096"},{"taxonomy":"post_tag","embeddable":true,"href":"https:\/\/www.lesmaconsdelacreuse.fr\/annuaires\/wp-json\/wp\/v2\/tags?post=6096"}],"curies":[{"name":"wp","href":"https:\/\/api.w.org\/{rel}","templated":true}]}}