{"id":6111,"date":"2019-07-28T13:42:12","date_gmt":"2019-07-28T11:42:12","guid":{"rendered":"http:\/\/lesmaconsdelacreuse.fr\/annuaire\/?p=6111"},"modified":"2020-01-20T11:26:46","modified_gmt":"2020-01-20T10:26:46","slug":"l_513","status":"publish","type":"post","link":"https:\/\/www.lesmaconsdelacreuse.fr\/annuaires\/lettre-l\/l_513\/","title":{"rendered":"LOUBY L\u00e9onard (vers 1809-1853)"},"content":{"rendered":"<p class=\"last-updated\"><strong>Mis \u00e0 jour le :<\/strong> 25\/04\/2026<\/p><h2 style=\"text-align: center;\"><strong>L\u00e9onard LOUBY<\/strong><\/h2>\n<p style=\"text-align: center;\"><strong>vers 1809 &#8211; 1853<\/strong><\/p>\n<p style=\"text-align: center;\"><img decoding=\"async\" title=\"\" src=\"https:\/\/lesmaconsdelacreuse.fr\/annuaire\/wp-content\/uploads\/2019\/07\/image1-1448.jpg\" alt=\"\" data-source-id=\"i.0\" data-asset-id=\"6108\" \/><\/p>\n<h4 style=\"text-align: center;\"><span style=\"color: #008000;\"><strong>ma\u00e7on<\/strong><\/span><\/h4>\n<p style=\"text-align: center;\">n\u00e9 \u00e0 Saint-Marc-\u00e0-Loubaud\u00a0?<\/p>\n<p style=\"text-align: center;\">vers 1809<\/p>\n<p style=\"text-align: center;\"><span style=\"color: #ffffff;\">\u25d9<\/span><\/p>\n<p style=\"text-align: left;\"><strong>Avant 1835<\/strong><em>, L\u00e9onard \u00e9pouse Jeanne <\/em><strong>LENOIR<\/strong> <em>. Ils habitent Le Feix. <\/em><\/p>\n<p><em>L\u00e9onard d\u00e9c\u00e8de \u00e0 l\u2019Hospice de <\/em><span style=\"color: #0000ff;\"><strong>Lyon (69)<\/strong><\/span><em> 2e le 11 mai <\/em><strong>1853<\/strong><em>, \u00e2g\u00e9 de 44 ans environ.<\/em><\/p>\n","protected":false},"excerpt":{"rendered":"<p>Mis \u00e0 jour le : 25\/04\/2026L\u00e9onard LOUBY vers 1809 &#8211; 1853 ma\u00e7on n\u00e9 \u00e0 Saint-Marc-\u00e0-Loubaud\u00a0? vers 1809 \u25d9 Avant 1835, L\u00e9onard \u00e9pouse Jeanne LENOIR . Ils habitent Le Feix. L\u00e9onard d\u00e9c\u00e8de \u00e0 l\u2019Hospice de Lyon (69) 2e le 11 mai 1853, \u00e2g\u00e9 de 44 an..<\/p>\n<div class=\"clear-fix\"><\/div>\n<p><a href=\"https:\/\/www.lesmaconsdelacreuse.fr\/annuaires\/lettre-l\/l_513\/\" title=\"Lire la suite...\">Lire la suite<\/a><\/p>\n","protected":false},"author":6,"featured_media":0,"comment_status":"closed","ping_status":"closed","sticky":false,"template":"","format":"standard","meta":{"_acf_changed":false,"_exactmetrics_skip_tracking":false,"_exactmetrics_sitenote_active":false,"_exactmetrics_sitenote_note":"","_exactmetrics_sitenote_category":0,"footnotes":""},"categories":[19],"tags":[],"class_list":["post-6111","post","type-post","status-publish","format-standard","hentry","category-lettre-l"],"acf":[],"_links":{"self":[{"href":"https:\/\/www.lesmaconsdelacreuse.fr\/annuaires\/wp-json\/wp\/v2\/posts\/6111","targetHints":{"allow":["GET"]}}],"collection":[{"href":"https:\/\/www.lesmaconsdelacreuse.fr\/annuaires\/wp-json\/wp\/v2\/posts"}],"about":[{"href":"https:\/\/www.lesmaconsdelacreuse.fr\/annuaires\/wp-json\/wp\/v2\/types\/post"}],"author":[{"embeddable":true,"href":"https:\/\/www.lesmaconsdelacreuse.fr\/annuaires\/wp-json\/wp\/v2\/users\/6"}],"replies":[{"embeddable":true,"href":"https:\/\/www.lesmaconsdelacreuse.fr\/annuaires\/wp-json\/wp\/v2\/comments?post=6111"}],"version-history":[{"count":0,"href":"https:\/\/www.lesmaconsdelacreuse.fr\/annuaires\/wp-json\/wp\/v2\/posts\/6111\/revisions"}],"wp:attachment":[{"href":"https:\/\/www.lesmaconsdelacreuse.fr\/annuaires\/wp-json\/wp\/v2\/media?parent=6111"}],"wp:term":[{"taxonomy":"category","embeddable":true,"href":"https:\/\/www.lesmaconsdelacreuse.fr\/annuaires\/wp-json\/wp\/v2\/categories?post=6111"},{"taxonomy":"post_tag","embeddable":true,"href":"https:\/\/www.lesmaconsdelacreuse.fr\/annuaires\/wp-json\/wp\/v2\/tags?post=6111"}],"curies":[{"name":"wp","href":"https:\/\/api.w.org\/{rel}","templated":true}]}}