{"id":6119,"date":"2019-07-28T13:42:11","date_gmt":"2019-07-28T11:42:11","guid":{"rendered":"http:\/\/lesmaconsdelacreuse.fr\/annuaire\/?p=6119"},"modified":"2020-01-20T11:26:47","modified_gmt":"2020-01-20T10:26:47","slug":"l_532","status":"publish","type":"post","link":"https:\/\/www.lesmaconsdelacreuse.fr\/annuaires\/lettre-l\/l_532\/","title":{"rendered":"LAUDINAS Jean (1868-1920)"},"content":{"rendered":"<p class=\"last-updated\"><strong>Mis \u00e0 jour le :<\/strong> 25\/04\/2026<\/p><h2 style=\"text-align: center;\"><strong>Jean LAUDINAS<\/strong><\/h2>\n<p style=\"text-align: center;\"><strong>Hippolyte LAUDINAS<\/strong><\/p>\n<p style=\"text-align: center;\"><strong>1868 \u2013 1920<\/strong><\/p>\n<p style=\"text-align: center;\"><img loading=\"lazy\" decoding=\"async\" class=\"\" title=\"\" src=\"https:\/\/lesmaconsdelacreuse.fr\/annuaire\/wp-content\/uploads\/2019\/07\/image1-1451.jpg\" alt=\"\" width=\"352\" height=\"84\" data-source-id=\"i.0\" data-asset-id=\"6117\" \/><\/p>\n<h4 style=\"text-align: center;\"><span style=\"color: #008000;\"><strong>ma\u00e7on<\/strong><\/span><\/h4>\n<p style=\"text-align: center;\">n\u00e9 \u00e0 La Cour-de-Rozet (Saint-Pardoux-Lavaud)<\/p>\n<p style=\"text-align: center;\">le 30 ao\u00fbt 1868<\/p>\n<p style=\"text-align: center;\">fils de<\/p>\n<p style=\"text-align: center;\">L\u00e9onard LAUDINAS,<span style=\"color: #008000;\"><strong> ma\u00e7on<\/strong><\/span><\/p>\n<p style=\"text-align: center;\">Marie CONCHONNET, cultivatrice<\/p>\n<p style=\"text-align: center;\"><span style=\"color: #ffffff;\">\u25d9<\/span><\/p>\n<p><strong>En 1893<\/strong><em>, Jean travaille \u00e0 <\/em><span style=\"color: #0000ff;\"><strong>Lyon (69)<\/strong><\/span><em>\u00a0et loge 154, rue Moli\u00e8re\u00a0;<\/em><\/p>\n<p><strong>en 1894<\/strong><em>, \u00e0 <\/em><span style=\"color: #0000ff;\"><strong>Givors (69)<\/strong><\/span><em>, 30, place du Suel\u00a0;<\/em><\/p>\n<p><strong>en 1895<\/strong><em>, \u00e0 <\/em><span style=\"color: #0000ff;\"><strong>Charly (69)<\/strong><\/span><em>.<\/em><\/p>\n<p><em>De nouveau \u00e0 Lyon, il loge\u00a0:<\/em><\/p>\n<p><strong>en 1898<\/strong><em>, 184, rue Cr\u00e9qui;<\/em><\/p>\n<p><strong>en 1901<\/strong><em>, 83, rue Bonnel;<\/em><\/p>\n<p><strong>en 1902<\/strong><em>, de nouveau \u00e0 Charly, quartier de Bas Charly\u00a0;<\/em><\/p>\n<p><strong>en 1903<\/strong><em>, 194, rue Vend\u00f4me;<\/em><\/p>\n<p><strong>en 1904<\/strong><em>, 4, rue Fran\u00e7ois Garcin\u00a0;<\/em><\/p>\n<p><strong>en 1907<\/strong><em>, de nouveau \u00e0 Charly.<\/em><\/p>\n<p><em> Il \u00e9pouse, le 26 octobre de la m\u00eame ann\u00e9e \u00e0 Lyon 3e, Marie <\/em><strong>FAURY<\/strong><em>, native de la Haute-Vienne (mari\u00e9s sans contrat). <\/em><\/p>\n<p><em>Le couple vit au lieu dit \u00ab\u00a0Bas Charly\u00a0\u00bb. Jean y d\u00e9c\u00e8de le 19 septembre <\/em><strong>1920<\/strong><em>, \u00e2g\u00e9 de 52 ans.<\/em><\/p>\n","protected":false},"excerpt":{"rendered":"<p>Mis \u00e0 jour le : 25\/04\/2026Jean LAUDINAS Hippolyte LAUDINAS 1868 \u2013 1920 ma\u00e7on n\u00e9 \u00e0 La Cour-de-Rozet (Saint-Pardoux-Lavaud) le 30 ao\u00fbt 1868 fils de L\u00e9onard LAUDINAS, ma\u00e7on Marie CONCHONNET, cultivatrice \u25d9 En 1893, Jean travaille \u00e0 Lyon (69)\u00a0et loge 154, rue Moli\u00e8re\u00a0; en 1894, \u00e0 Givors (69), 30, place du Suel\u00a0; en 1895, \u00e0 Charly ..<\/p>\n<div class=\"clear-fix\"><\/div>\n<p><a href=\"https:\/\/www.lesmaconsdelacreuse.fr\/annuaires\/lettre-l\/l_532\/\" title=\"Lire la suite...\">Lire la suite<\/a><\/p>\n","protected":false},"author":6,"featured_media":0,"comment_status":"closed","ping_status":"closed","sticky":false,"template":"","format":"standard","meta":{"_acf_changed":false,"_exactmetrics_skip_tracking":false,"_exactmetrics_sitenote_active":false,"_exactmetrics_sitenote_note":"","_exactmetrics_sitenote_category":0,"footnotes":""},"categories":[19],"tags":[],"class_list":["post-6119","post","type-post","status-publish","format-standard","hentry","category-lettre-l"],"acf":[],"_links":{"self":[{"href":"https:\/\/www.lesmaconsdelacreuse.fr\/annuaires\/wp-json\/wp\/v2\/posts\/6119","targetHints":{"allow":["GET"]}}],"collection":[{"href":"https:\/\/www.lesmaconsdelacreuse.fr\/annuaires\/wp-json\/wp\/v2\/posts"}],"about":[{"href":"https:\/\/www.lesmaconsdelacreuse.fr\/annuaires\/wp-json\/wp\/v2\/types\/post"}],"author":[{"embeddable":true,"href":"https:\/\/www.lesmaconsdelacreuse.fr\/annuaires\/wp-json\/wp\/v2\/users\/6"}],"replies":[{"embeddable":true,"href":"https:\/\/www.lesmaconsdelacreuse.fr\/annuaires\/wp-json\/wp\/v2\/comments?post=6119"}],"version-history":[{"count":0,"href":"https:\/\/www.lesmaconsdelacreuse.fr\/annuaires\/wp-json\/wp\/v2\/posts\/6119\/revisions"}],"wp:attachment":[{"href":"https:\/\/www.lesmaconsdelacreuse.fr\/annuaires\/wp-json\/wp\/v2\/media?parent=6119"}],"wp:term":[{"taxonomy":"category","embeddable":true,"href":"https:\/\/www.lesmaconsdelacreuse.fr\/annuaires\/wp-json\/wp\/v2\/categories?post=6119"},{"taxonomy":"post_tag","embeddable":true,"href":"https:\/\/www.lesmaconsdelacreuse.fr\/annuaires\/wp-json\/wp\/v2\/tags?post=6119"}],"curies":[{"name":"wp","href":"https:\/\/api.w.org\/{rel}","templated":true}]}}