{"id":6131,"date":"2019-07-28T13:42:10","date_gmt":"2019-07-28T11:42:10","guid":{"rendered":"http:\/\/lesmaconsdelacreuse.fr\/annuaire\/?p=6131"},"modified":"2020-01-20T11:26:47","modified_gmt":"2020-01-20T10:26:47","slug":"l_455","status":"publish","type":"post","link":"https:\/\/www.lesmaconsdelacreuse.fr\/annuaires\/lettre-l\/l_455\/","title":{"rendered":"LARFOUILLAUD Antoine Eug\u00e8ne (1868-1951)"},"content":{"rendered":"<p class=\"last-updated\"><strong>Mis \u00e0 jour le :<\/strong> 25\/04\/2026<\/p><h2 style=\"text-align: center;\"><strong>Antoine Eug\u00e8ne LARFOUILLAUD<\/strong><\/h2>\n<p style=\"text-align: center;\"><strong>Eug\u00e8ne LARFOUILLAUD<\/strong><\/p>\n<p style=\"text-align: center;\"><strong>1868 \u2013 1951<\/strong><\/p>\n<p style=\"text-align: center;\"><img decoding=\"async\" title=\"\" src=\"https:\/\/lesmaconsdelacreuse.fr\/annuaire\/wp-content\/uploads\/2019\/07\/image1-1457.jpg\" alt=\"\" data-source-id=\"i.0\" data-asset-id=\"6129\" \/><\/p>\n<h4 style=\"text-align: center;\"><span style=\"color: #008000;\"><strong>ma\u00e7on <\/strong>et <strong>propri\u00e9taire cultivateur<\/strong><\/span><\/h4>\n<p style=\"text-align: center;\">n\u00e9 \u00e0 Auchaise (Roy\u00e8re)<\/p>\n<p style=\"text-align: center;\">le 20 septembre 1868<\/p>\n<p style=\"text-align: center;\">fils de<\/p>\n<p style=\"text-align: center;\">Michel LARFOUILLAUD, <span style=\"color: #008000;\"><strong>ma\u00e7on<\/strong><\/span><\/p>\n<p style=\"text-align: center;\">Anne JARJAVAL, cultivatrice<\/p>\n<p style=\"text-align: center;\"><span style=\"color: #ffffff;\">\u25d9<\/span><\/p>\n<p><em>Eug\u00e8ne travaille \u00e0 <\/em><strong><span style=\"color: #0000ff;\">Lyon (69)<\/span>\u00a0<\/strong><em>:<\/em><\/p>\n<p><strong>en 1893, et 1894<\/strong><em><strong>,<\/strong> il loge 5, rue des Marronniers.<\/em><\/p>\n<p><em> Il \u00e9pouse Jeanne Eug\u00e9nie <\/em><strong>JARJAVAL<\/strong><em> le 1er mars <\/em><strong>1894<\/strong><em> \u00e0 Roy\u00e8re\u00a0 (contrat Toumieux). <\/em><\/p>\n<p><em>Ils habitent Auchaise.<\/em><\/p>\n<p><em> Jeanne y d\u00e9c\u00e8de le 29 novembre <\/em><strong>1898<\/strong><em>, \u00e2g\u00e9e de 24 ans. <\/em><\/p>\n<p><em>Eug\u00e8ne se remarie le 24 mars <\/em><strong>1904<\/strong><em> \u00e0 Roy\u00e8re avec \u00c9milie <\/em><strong>BOUCAUD<\/strong><em> (contrat Toumieux). Ils habitent aussi Auchaise.<\/em><\/p>\n<p><em>Ils y d\u00e9c\u00e8dent\u00a0:<\/em><\/p>\n<ul>\n<li><em>\u00c9milie, le 24 mars <\/em><strong>1950<\/strong><em>, \u00e2g\u00e9e de 69 ans<\/em><\/li>\n<li><em>Antoine, le 20 mars <\/em><strong>1951<\/strong><em>, \u00e2g\u00e9 de 82 ans<\/em><\/li>\n<\/ul>\n","protected":false},"excerpt":{"rendered":"<p>Mis \u00e0 jour le : 25\/04\/2026Antoine Eug\u00e8ne LARFOUILLAUD Eug\u00e8ne LARFOUILLAUD 1868 \u2013 1951 ma\u00e7on et propri\u00e9taire cultivateur n\u00e9 \u00e0 Auchaise (Roy\u00e8re) le 20 septembre 1868 fils de Michel LARFOUILLAUD, ma\u00e7on Anne JARJAVAL, cultivatrice \u25d9 Eug\u00e8ne travaille \u00e0 Lyon (69)\u00a0: en 1893, et 1894, il loge 5, rue des Marronniers. Il \u00e9pouse Jeanne Eug\u00e9nie JARJAVAL le ..<\/p>\n<div class=\"clear-fix\"><\/div>\n<p><a href=\"https:\/\/www.lesmaconsdelacreuse.fr\/annuaires\/lettre-l\/l_455\/\" title=\"Lire la suite...\">Lire la suite<\/a><\/p>\n","protected":false},"author":6,"featured_media":0,"comment_status":"closed","ping_status":"closed","sticky":false,"template":"","format":"standard","meta":{"_acf_changed":false,"_exactmetrics_skip_tracking":false,"_exactmetrics_sitenote_active":false,"_exactmetrics_sitenote_note":"","_exactmetrics_sitenote_category":0,"footnotes":""},"categories":[19],"tags":[],"class_list":["post-6131","post","type-post","status-publish","format-standard","hentry","category-lettre-l"],"acf":[],"_links":{"self":[{"href":"https:\/\/www.lesmaconsdelacreuse.fr\/annuaires\/wp-json\/wp\/v2\/posts\/6131","targetHints":{"allow":["GET"]}}],"collection":[{"href":"https:\/\/www.lesmaconsdelacreuse.fr\/annuaires\/wp-json\/wp\/v2\/posts"}],"about":[{"href":"https:\/\/www.lesmaconsdelacreuse.fr\/annuaires\/wp-json\/wp\/v2\/types\/post"}],"author":[{"embeddable":true,"href":"https:\/\/www.lesmaconsdelacreuse.fr\/annuaires\/wp-json\/wp\/v2\/users\/6"}],"replies":[{"embeddable":true,"href":"https:\/\/www.lesmaconsdelacreuse.fr\/annuaires\/wp-json\/wp\/v2\/comments?post=6131"}],"version-history":[{"count":0,"href":"https:\/\/www.lesmaconsdelacreuse.fr\/annuaires\/wp-json\/wp\/v2\/posts\/6131\/revisions"}],"wp:attachment":[{"href":"https:\/\/www.lesmaconsdelacreuse.fr\/annuaires\/wp-json\/wp\/v2\/media?parent=6131"}],"wp:term":[{"taxonomy":"category","embeddable":true,"href":"https:\/\/www.lesmaconsdelacreuse.fr\/annuaires\/wp-json\/wp\/v2\/categories?post=6131"},{"taxonomy":"post_tag","embeddable":true,"href":"https:\/\/www.lesmaconsdelacreuse.fr\/annuaires\/wp-json\/wp\/v2\/tags?post=6131"}],"curies":[{"name":"wp","href":"https:\/\/api.w.org\/{rel}","templated":true}]}}