{"id":6132,"date":"2019-07-28T13:42:09","date_gmt":"2019-07-28T11:42:09","guid":{"rendered":"http:\/\/lesmaconsdelacreuse.fr\/annuaire\/?p=6132"},"modified":"2020-01-20T11:26:48","modified_gmt":"2020-01-20T10:26:48","slug":"l_490","status":"publish","type":"post","link":"https:\/\/www.lesmaconsdelacreuse.fr\/annuaires\/lettre-l\/l_490\/","title":{"rendered":"LARNAUD Albert Paul (1892-1972)"},"content":{"rendered":"<p class=\"last-updated\"><strong>Mis \u00e0 jour le :<\/strong> 25\/04\/2026<\/p><h2 style=\"text-align: center;\"><strong>Albert Paul LARNAUD<\/strong><\/h2>\n<p style=\"text-align: center;\"><strong>1892 \u2013 1972<\/strong><\/p>\n<p style=\"text-align: center;\"><img loading=\"lazy\" decoding=\"async\" class=\"\" title=\"\" src=\"https:\/\/lesmaconsdelacreuse.fr\/annuaire\/wp-content\/uploads\/2019\/07\/image1-1458.jpg\" alt=\"\" width=\"145\" height=\"110\" data-source-id=\"i.0\" data-asset-id=\"6130\" \/><\/p>\n<h4 style=\"text-align: center;\"><span style=\"color: #008000;\"><strong>ma\u00e7on<\/strong><\/span><\/h4>\n<p style=\"text-align: center;\">n\u00e9 \u00e0 Champseau (Peyrat-le-Ch\u00e2teau &#8211; 87)<\/p>\n<p style=\"text-align: center;\">le 31 d\u00e9cembre 1892<\/p>\n<p style=\"text-align: center;\">fils de<\/p>\n<p style=\"text-align: center;\">Jean LARNAUD \/ Catherine ROULY<\/p>\n<p style=\"text-align: center;\">cultivateurs<\/p>\n<p style=\"text-align: center;\"><span style=\"color: #ffffff;\">\u25d9<\/span><\/p>\n<p><strong>En 1912<\/strong><em>, Albert habite Saint-Junien-la-Breg\u00e8re avec son p\u00e8re.<\/em><\/p>\n<p><em> Il y \u00e9pouse Marie <\/em><strong>BRESSY <\/strong><em>le 27 octobre <\/em><strong>1919<\/strong><em> (mari\u00e9s sans contrat).<\/em><\/p>\n<p><em>Il travaille \u00e0 <\/em><span style=\"color: #0000ff;\"><strong>Paris (75)<\/strong><\/span><em>, et loge\u00a0:<\/em><\/p>\n<p><strong>en 1921<\/strong><em>, 16, rue de la Moselle dans le 19e arrondissement\u00a0;<\/em><\/p>\n<p><strong>de 1929 \u00e0 1938<\/strong> <em>au moins , 225, rue de Tolbiac dans le 13e. <\/em><\/p>\n<p><em>Les \u00e9poux d\u00e9c\u00e8dent\u00a0:<\/em><\/p>\n<ul>\n<li><em>Marie, \u00e0 <\/em><span style=\"color: #0000ff;\"><strong>Vaires-sur-Marne (77)<\/strong><\/span><em>, le 9 f\u00e9vrier <\/em><strong>1971<\/strong><em>, \u00e2g\u00e9e de 74 ans<\/em><\/li>\n<li><em>Albert, \u00e0 Lagny-sur-Marne (77), le 1er janvier <\/em><strong>1972<\/strong><em>, \u00e2g\u00e9 de 79 ans<\/em><\/li>\n<\/ul>\n","protected":false},"excerpt":{"rendered":"<p>Mis \u00e0 jour le : 25\/04\/2026Albert Paul LARNAUD 1892 \u2013 1972 ma\u00e7on n\u00e9 \u00e0 Champseau (Peyrat-le-Ch\u00e2teau &#8211; 87) le 31 d\u00e9cembre 1892 fils de Jean LARNAUD \/ Catherine ROULY cultivateurs \u25d9 En 1912, Albert habite Saint-Junien-la-Breg\u00e8re avec son p\u00e8re. Il y \u00e9pouse Marie BRESSY le 27 octobre 1919 (mari\u00e9s sans contrat). Il travaille \u00e0 Paris ..<\/p>\n<div class=\"clear-fix\"><\/div>\n<p><a href=\"https:\/\/www.lesmaconsdelacreuse.fr\/annuaires\/lettre-l\/l_490\/\" title=\"Lire la suite...\">Lire la suite<\/a><\/p>\n","protected":false},"author":6,"featured_media":0,"comment_status":"closed","ping_status":"closed","sticky":false,"template":"","format":"standard","meta":{"_acf_changed":false,"_exactmetrics_skip_tracking":false,"_exactmetrics_sitenote_active":false,"_exactmetrics_sitenote_note":"","_exactmetrics_sitenote_category":0,"footnotes":""},"categories":[19],"tags":[],"class_list":["post-6132","post","type-post","status-publish","format-standard","hentry","category-lettre-l"],"acf":[],"_links":{"self":[{"href":"https:\/\/www.lesmaconsdelacreuse.fr\/annuaires\/wp-json\/wp\/v2\/posts\/6132","targetHints":{"allow":["GET"]}}],"collection":[{"href":"https:\/\/www.lesmaconsdelacreuse.fr\/annuaires\/wp-json\/wp\/v2\/posts"}],"about":[{"href":"https:\/\/www.lesmaconsdelacreuse.fr\/annuaires\/wp-json\/wp\/v2\/types\/post"}],"author":[{"embeddable":true,"href":"https:\/\/www.lesmaconsdelacreuse.fr\/annuaires\/wp-json\/wp\/v2\/users\/6"}],"replies":[{"embeddable":true,"href":"https:\/\/www.lesmaconsdelacreuse.fr\/annuaires\/wp-json\/wp\/v2\/comments?post=6132"}],"version-history":[{"count":0,"href":"https:\/\/www.lesmaconsdelacreuse.fr\/annuaires\/wp-json\/wp\/v2\/posts\/6132\/revisions"}],"wp:attachment":[{"href":"https:\/\/www.lesmaconsdelacreuse.fr\/annuaires\/wp-json\/wp\/v2\/media?parent=6132"}],"wp:term":[{"taxonomy":"category","embeddable":true,"href":"https:\/\/www.lesmaconsdelacreuse.fr\/annuaires\/wp-json\/wp\/v2\/categories?post=6132"},{"taxonomy":"post_tag","embeddable":true,"href":"https:\/\/www.lesmaconsdelacreuse.fr\/annuaires\/wp-json\/wp\/v2\/tags?post=6132"}],"curies":[{"name":"wp","href":"https:\/\/api.w.org\/{rel}","templated":true}]}}